{"id":55482,"date":"2024-03-14T09:19:51","date_gmt":"2024-03-14T08:19:51","guid":{"rendered":"https:\/\/www.vidademadrid.com\/es\/?p=55482"},"modified":"2024-03-17T20:05:09","modified_gmt":"2024-03-17T19:05:09","slug":"planes-para-este-fin-de-semana-en-madrid-15-16-y-17-de-marzo-de-2024","status":"publish","type":"post","link":"https:\/\/www.vidademadrid.com\/es\/55482\/planes-para-este-fin-de-semana-en-madrid-15-16-y-17-de-marzo-de-2024\/","title":{"rendered":"Planes para el fin de semana en Madrid: 15, 16 y 17 de marzo de 2024"},"content":{"rendered":"\n<p><span style=\"background-color: #ffffff;\">Este fin de semana Madrid nos transportar\u00e1 a Dubl\u00edn a trav\u00e9s del <strong>Gran Desfile de San Patricio<\/strong> que recorrer\u00e1 la Gran V\u00eda y el resto de actividades que tendr\u00e1n lugar con motivo de esta celebraci\u00f3n. Entre otras novedades: habr\u00e1 actividades en Casa de Campo, Retiro y en el Parque Pradolongo por el <strong>D\u00eda Internacional de los Bosques<\/strong>, llega la <strong>nueva edici\u00f3n del tradicional Mercadillo del Gato<\/strong> y <strong>reabre el Museo ABC<\/strong>, entre otros. Como cada semana, en este art\u00edculo te hacemos una selecci\u00f3n de los mejores planes, exposiciones y restaurantes para disfrutar este fin de semana <strong>15, 16 y 17 de marzo de 2024 <\/strong>en Madrid.<\/span><\/p>\n\n\n\n<h2 class=\"wp-block-heading\">Actividades<\/h2>\n\n\n\n<script async=\"\" src=\"https:\/\/pagead2.googlesyndication.com\/pagead\/js\/adsbygoogle.js\"><\/script> <ins class=\"adsbygoogle\" style=\"display:block\" data-ad-format=\"fluid\" data-ad-layout-key=\"-7f+eo+1+2-5\" data-ad-client=\"ca-pub-7450064428034605\" data-ad-slot=\"7327027071\"><\/ins><script>(adsbygoogle = window.adsbygoogle || []).push({});<\/script>\n\n\n\n<h3 class=\"wp-block-heading\">No te pierdas las celebraciones del D\u00eda de San Patricio&nbsp;<\/h3>\n\n\n\n<p>Madrid se vuelve a te\u00f1ir de verde por el <strong>D\u00eda de San Patricio<\/strong>. Durante este fin de semana se podr\u00e1n seguir disfrutando de&nbsp;<strong>actividades culturales, conciertos y actuaciones en el Metro de Madrid<\/strong>.<\/p>\n\n\n\n<ul class=\"wp-block-list\"><li><strong>Conciertos en el Metro de Madrid:<\/strong> De viernes a domingo la estaci\u00f3n de Gran V\u00eda acoger\u00e1&nbsp;sonidos celtas y bailes irlandeses. Adem\u00e1s, durante la semana, las luces de la estaci\u00f3n de Gran V\u00eda cambiar\u00e1n el azul por el verde y la gran pantalla que preside su vest\u00edbulo mostrar\u00e1n paisajes de Irlanda.<\/li><li><strong>Espect\u00e1culo en el&nbsp;Teatro Monumental:<\/strong>el viernes a las 22h podr\u00e1 verse un espect\u00e1culo que fusiona la energ\u00eda del folk-rock irland\u00e9s con el baile y el sonido de la gaita. El concierto ser\u00e1 retransmitido posteriormente por RTVE.<\/li><li>El&nbsp;<strong data-reader-unique-id=\"98\">Gran Desfile de San Patricio de Madrid: <\/strong>este s\u00e1bado 16 de marzo a partir de las 16.30h recorrer\u00e1n la Gran V\u00eda&nbsp;m\u00e1s de 600 gaiteros de toda Espa\u00f1a de 40 bandas y agrupaciones.<\/li><\/ul>\n\n\n\n<p>Toda la info&nbsp;<a href=\"https:\/\/www.vidademadrid.com\/es\/55085\/san-patricio-2024-madrid-desfile-conciertos-actividades\/\">aqu\u00ed<\/a>.&nbsp;<\/p>\n\n\n\n<h3 class=\"wp-block-heading\">Descubre alguna de las actividades por el D\u00eda Internacional de los Bosques<\/h3>\n\n\n<div class=\"wp-block-image\">\n<figure class=\"aligncenter td-caption-align-https:\/\/www.vidademadrid.com\/es\/wp-content\/uploads\/2024\/03\/Di\u0301a-de-los-Bosques.jpg\"><a href=\"https:\/\/www.vidademadrid.com\/es\/wp-content\/uploads\/2024\/03\/D\u00eda-de-los-Bosques.jpg\"><img decoding=\"async\" src=\"https:\/\/www.vidademadrid.com\/es\/wp-content\/uploads\/2024\/03\/D\u00eda-de-los-Bosques.jpg\" alt=\"\" class=\"wp-image-55464\"\/><\/a><figcaption>Foto: Ayuntamiento de Madrid<\/figcaption><\/figure><\/div>\n\n\n<p>El&nbsp;<strong data-reader-unique-id=\"48\">D\u00eda Internacional de los Bosques<\/strong>&nbsp;se celebra el&nbsp;21 de marzo&nbsp;y el Ayuntamiento de Madrid ha preparado un programa de actividades entre el&nbsp;13 y el 24 de marzo en distintas localizaciones de Madrid. En <strong>Casa de Campo, el Parque del Retiro o en el Parque Pradolongo<\/strong> podr\u00e1s disfrutar de plantaciones de \u00e1rboles, rutas guiadas para conocer las distintas familias y de talleres y ferias. Descubre la programaci\u00f3n completa&nbsp;<a href=\"https:\/\/www.vidademadrid.com\/es\/55463\/programa-dia-internacional-arbol-2024-madrid\/\">aqu\u00ed<\/a>.&nbsp;&nbsp;<\/p>\n\n\n\n<h3 class=\"wp-block-heading\">Date una vuelta por el Mercadillo del Gato&nbsp;<\/h3>\n\n\n\n<p>Del 14 al 17 de marzo este <strong>mercadillo popular<\/strong> abre&nbsp;de nuevo sus puertas en Gran V\u00eda, 13, con&nbsp;m\u00e1s de <strong>60 expositores<\/strong> que ofrecer\u00e1n productos de&nbsp;moda, artesan\u00eda, gourmet, decoraci\u00f3n, complementos, moda infantil, cosm\u00e9tica, bisuter\u00eda y coleccionismo. Toda la&nbsp;info <a href=\"https:\/\/www.esmadrid.com\/agenda\/mercadillo-del-gato\">aqu\u00ed<\/a>.&nbsp;<\/p>\n\n\n\n<h3 class=\"wp-block-heading\">P\u00e1sate por el Mercado de las ranas<\/h3>\n\n\n\n<p> Este s\u00e1bado 16 de marzo el barrio de las Letras acoge una nueva edici\u00f3n del Mercado de las Ranas, que lo comparan con otros mercados mundialmente conocidos como el Portobello Road o Camden Town de Londres. Toda la info <a href=\"https:\/\/www.esmadrid.com\/agenda\/mercado-de-las-ranas-barrio-de-las-letras#\">aqu\u00ed.<\/a>&nbsp;<\/p>\n\n\n\n<h3 class=\"wp-block-heading\"><span style=\"background-color: #ffffff;\">Actividades 21 distritos&nbsp;<\/span><\/h3>\n\n\n\n<p><span style=\"background-color: #ffffff;\">Este fin de semana contin\u00faa la programaci\u00f3n gratuita de 21distritos con m\u00fasica, espect\u00e1culos y m\u00e1s. Entre las m\u00e1s destacadas:<\/span><span style=\"background-color: #ffff00;\"><\/span><\/p>\n\n\n<ul>\n<li>\n<p><strong>Magal\u00ed Sare y Manel Forti\u00e0.<\/strong> Presentaci\u00f3n de su nuevo disco. S\u00e1bado 16 de marzo a las 19 h en el Centro Cultural Galileo. Toda la info <a href=\"https:\/\/21distritos.es\/evento\/magali-sare-y-manel-fortia\/\">aqu\u00ed<\/a>.&nbsp;<\/p>\n<\/li>\n<li>\n<p><strong>Hablar entre dientes.<\/strong> Un mon\u00f3logo de Jaime Figueroa. Viernes 15 de marzo a las 19 h en el Centro Cultural Casa del Reloj. Toda la info <a href=\"https:\/\/21distritos.es\/evento\/hablar-entre-dientes\/\">aqu\u00ed<\/a>.&nbsp;<\/p>\n<\/li>\n<\/ul>\n\n\n<p>Toda la info y m\u00e1s actividades <a href=\"https:\/\/21distritos.es\/\">aqu\u00ed<\/a>.<\/p>\n\n\n\n<h3 class=\"wp-block-heading\">I Festival de Cine Fant\u00e1stico Europeo de Madrid&nbsp;<\/h3>\n\n\n\n<p>Un festival que surge para renovar la escena del cine de g\u00e9nero fant\u00e1stico en la ciudad. Podr\u00e1s disfrutar de cortometrajes, proyecciones de pel\u00edculas de estreno y cl\u00e1sicos en distintas salas: <strong>Cine Paz,&nbsp;Sala Berlanga&nbsp;y&nbsp;Teatro Sanpol<\/strong>. Disponible del 13 al 17 de marzo. No te pierdas la programaci\u00f3n completa y entradas <a href=\"https:\/\/sombramadrid.com\/\">aqu\u00ed<\/a><a href=\"https:\/\/www.esmadrid.com\/informacion-turistica\/teatro-sanpol\">.&nbsp;<\/a><\/p>\n\n\n\n<h2 class=\"wp-block-heading\">Exposiciones, teatros y conciertos&nbsp;<\/h2>\n\n\n\n<h3 class=\"wp-block-heading\">Visita el Museo ABC (reci\u00e9n reabierto)<\/h3>\n\n\n\n<p>Desde el pasado mi\u00e9rcoles 13 de marzo este museo ubicado en la zona de Conde Duque recuper\u00f3 su actividad con la <strong>inauguraci\u00f3n de dos exposiciones<\/strong>:\u00a0<em>La Jaula de los Monos y 6 miradas a la colecci\u00f3n ABC,<\/em> a las que tambi\u00e9n se suma\u00a0<em>Este Madrid<\/em>\u00a0<em>por Andr\u00e9s Trapiello. <\/em>Toda la info <a href=\"https:\/\/museo.abc.es\/visita\">aqu\u00ed.<\/a><\/p>\n\n\n\n<h3 class=\"wp-block-heading\"><span style=\"background-color: #ffffff;\">Fotograf\u00eda las esculturas de Federico II en el Museo del Prado<\/span><\/h3>\n\n\n\n<p>El&nbsp;<strong>Museo Nacional del Prado&nbsp;<\/strong>expone por primera vez veinte relieves de tama\u00f1os diferentes, dentro de un formato ovalado irregular procedentes de la \u00e9poca del emperador Federico II. Una muestra disponible en el&nbsp;<strong>patio norte del Edificio Villanueva&nbsp;<\/strong>del&nbsp;<strong>Museo del Prado. <\/strong>Toda la info <a href=\"https:\/\/www.vidademadrid.com\/es\/55456\/museo-prado-relieves-epoca-federico-ii-2024\/\">aqu\u00ed<\/a>.&nbsp;<\/p>\n\n\n<div class=\"wp-block-image\">\n<figure class=\"aligncenter\"><a href=\"https:\/\/www.vidademadrid.com\/es\/wp-content\/uploads\/2024\/03\/Prado.jpg\"><img loading=\"lazy\" decoding=\"async\" width=\"1200\" height=\"600\" src=\"https:\/\/www.vidademadrid.com\/es\/wp-content\/uploads\/2024\/03\/Prado.jpg\" alt=\"\" class=\"wp-image-55457\" srcset=\"https:\/\/www.vidademadrid.com\/es\/wp-content\/uploads\/2024\/03\/Prado.jpg 1200w, https:\/\/www.vidademadrid.com\/es\/wp-content\/uploads\/2024\/03\/Prado-300x150.jpg 300w, https:\/\/www.vidademadrid.com\/es\/wp-content\/uploads\/2024\/03\/Prado-1024x512.jpg 1024w, https:\/\/www.vidademadrid.com\/es\/wp-content\/uploads\/2024\/03\/Prado-768x384.jpg 768w, https:\/\/www.vidademadrid.com\/es\/wp-content\/uploads\/2024\/03\/Prado-696x348.jpg 696w, https:\/\/www.vidademadrid.com\/es\/wp-content\/uploads\/2024\/03\/Prado-1068x534.jpg 1068w, https:\/\/www.vidademadrid.com\/es\/wp-content\/uploads\/2024\/03\/Prado-840x420.jpg 840w\" sizes=\"auto, (max-width: 1200px) 100vw, 1200px\" \/><\/a><figcaption>Foto: Museo del Prado<\/figcaption><\/figure><\/div>\n\n\n<h3 class=\"wp-block-heading\"><span style=\"background-color: #ffffff;\">Compra entradas para La Colecci\u00f3n, el nuevo espect\u00e1culo del Teatro la Abad\u00eda<\/span><\/h3>\n\n\n\n<p>La Sala Juan de la Cruz del Teatro de La Abad\u00eda acoge una obra escrita y dirigida por Juan Mayorga y en la que se muestra &nbsp;a un matrimonio de coleccionistas que quieren asegurarse de que su colecci\u00f3n de arte les sobreviva. El espect\u00e1culo se podr\u00e1 ver del 14 de marzo al 21 de abril, con funciones de martes a domingos.&nbsp;Toda la info y entradas <a href=\"https:\/\/www.esmadrid.com\/agenda\/coleccion-teatro-abadia\">aqu\u00ed<\/a>.&nbsp;<\/p>\n\n\n\n<h3 class=\"wp-block-heading\"><span style=\"background-color: #ffffff;\">Asiste al \u00faltimo concierto Mad Cool Talent&nbsp;<\/span><\/h3>\n\n\n\n<p>Si te gusta la m\u00fasica y no te pierdes un Mad Cool, este a\u00f1o han organizado las finales de las bandas que tocar\u00e1n con los cabeza de cartel. Tendr\u00e1s la oportunidad de escuchar a los \u00faltimos finalistas este viernes 15 a las 20 h en Lula Club (Gran V\u00eda). M\u00e1s info <a href=\"https:\/\/www.vidademadrid.com\/es\/55427\/planes-madrid-11-12-13-14-marzo-2024-eventos-conciertos\/\">aqu\u00ed.<\/a>&nbsp;<\/p>\n\n\n\n<h2 class=\"wp-block-heading\">\u00daltima oportunidad para disfrutar de&#8230;<\/h2>\n\n\n\n<h3 class=\"wp-block-heading\">\u00abJeans, de la calle al Ritz\u00bb en el Museo del Traje<\/h3>\n\n\n\n<p>La exposici\u00f3n <strong data-reader-unique-id=\"43\">\u00abJeans, de la calle al Ritz\u00bb&nbsp;<\/strong>realiza un recorrido por la historia del tejido vaquero, desde sus or\u00edgenes en el siglo XVII hasta su expansi\u00f3n en el siglo XX y comienzos del siglo XXI. Disponible&nbsp;hasta el&nbsp;17 de marzo de 2024&nbsp;en la Sala de exposiciones temporales del Museo del Traje (Metro Ciudad Universitaria \/ Moncloa). Toda la info <a href=\"https:\/\/www.vidademadrid.com\/es\/54498\/jeans-calle-ritz-exposicion-temporal-museo-traje\/\">aqu\u00ed<\/a>.&nbsp;<\/p>\n\n\n\n<h3 class=\"wp-block-heading\">Exposici\u00f3n de dise\u00f1o espa\u00f1ol From Spain With Design&nbsp;<\/h3>\n\n\n\n<p>M\u00e1s de&nbsp;<strong data-reader-unique-id=\"53\">100 piezas <\/strong>de diferentes tipos de trabajo de dise\u00f1o. Disponible en la&nbsp;Central de Dise\u00f1o de Matadero hasta el 17 de marzo. Toda la info <a href=\"https:\/\/www.vidademadrid.com\/es\/54819\/from-spain-design-matadero-madrid-fechas-2024\/#google_vignette\">aqu\u00ed<\/a>. &nbsp;<\/p>\n\n\n\n<h3 class=\"wp-block-heading\"><span style=\"background-color: #ffffff; color: #000000;\">MIAD y Flecha&nbsp;<\/span><\/h3>\n\n\n\n<p>Este fin de semana tambi\u00e9n nos despedimos de:<\/p>\n\n\n\n<ul class=\"wp-block-list\"><li><strong>MIAD<\/strong>,&nbsp;la primera feria que combina dise\u00f1o, arquitectura y arte y en la que participan m\u00e1s de <strong>150 marcas, interioristas, dise\u00f1adores, artesanos y artistas.&nbsp;<\/strong>Disponible en el espacio de&nbsp;<strong>La Plaza de Toros de Las Ventas<\/strong>.&nbsp;&nbsp;Disponible hasta el 17 de marzo. Toda la info <a href=\"https:\/\/www.vidademadrid.com\/es\/54722\/miad-2024-feria-diseno-arte-arquitectura-fechas-entradas\/\">aqu\u00ed<\/a>. Si quieres conocer m\u00e1s no te pierdas nuestra visita en <a href=\"https:\/\/www.instagram.com\/stories\/highlights\/18024981925987218\/\">IG stories<\/a>.<\/li><li><strong>Flecha<\/strong>, la feria de Arte de Arturo Soria Plaza con obras de m\u00e1s de 500 artistas emergentes. Toda la info <a href=\"https:\/\/flecha.es\/\">aqu\u00ed<\/a>.&nbsp;<\/li><\/ul>\n\n\n\n<h3 class=\"wp-block-heading\">\u00abBailo Bailo\u00bb, el musical con los \u00e9xitos de Raffaella Carr\u00e0<\/h3>\n\n\n\n<p>Una adaptaci\u00f3n de la pel\u00edcula Explota Explota. Se trata de un <strong>musical&nbsp;homenaje a&nbsp;Raffaella Carr\u00e0<\/strong> donde podr\u00e1s disfrutar de los mejores \u00e9xitos de la artista. Disponible&nbsp;en el Teatro Capitol (Metro Callao) hasta el 17 de marzo. Toda la info y entradas <a href=\"https:\/\/www.vidademadrid.com\/es\/50976\/bailo-bailo-musical-raffaella-carra-madrid-entradas-2023\/\">aqu\u00ed<\/a>.&nbsp;<\/p>\n\n\n\n<h2 class=\"wp-block-heading\">Restaurantes para el finde<\/h2>\n\n\n\n<h3 class=\"wp-block-heading\">Men\u00fa del d\u00eda de Dani Brasserie&nbsp;<\/h3>\n\n\n\n<p>Subimos a este espacio situado en la <strong>azotea del Hotel Four Seasons<\/strong> con vistas \u00fanicas dela ciudad. Probamos su men\u00fa del d\u00eda que incluye todos los d\u00edas un plato diferente a elegir entre los m\u00edticos del chef Dani Garc\u00eda. No te pierdas nuestra experiencia completa en <a href=\"https:\/\/www.instagram.com\/stories\/highlights\/18036980914761354\/\">IG stories<\/a>.&nbsp;<\/p>\n\n\n\n<h3 class=\"wp-block-heading\">Beytna&nbsp;<\/h3>\n\n\n\n<p>Muy cerca de Arturo Soria descubrimos la propuesta gastron\u00f3mica de este <strong>restaurante jordano-liban\u00e9s<\/strong>. Una opci\u00f3n perfecta para todos aquellos que quieran probar platos y sabores diferentes. El espacio adem\u00e1s de dos plantas y cocina abierta, cuenta con una terraza perfecta para los d\u00edas de primavera. Descubre lo que comimos en <a href=\"https:\/\/www.instagram.com\/stories\/highlights\/18057297535557110\/\">IG stories<\/a>.\u00a0<\/p>\n\n\n\n<h3 class=\"wp-block-heading\"><span style=\"background-color: #ffffff;\">Experiencia de cocteler\u00eda en Lovo Bar&nbsp;<\/span><\/h3>\n\n\n\n<p>En pleno barrio de las letras nos adentramos en la historia de Jos\u00e9phine Baker, bailarina, cantante y actriz francesa, a trav\u00e9s de una experiencia de cocteler\u00eda y gastronom\u00eda en <strong>Lovo Bar<\/strong>. Una experiencia de cocteler\u00eda exclusiva y emocional (75\u20ac: 6 pases maridados con c\u00f3cteles a base de whisky Johnnie Walker), donde se pondr\u00e1n a prueba tus sentidos. Si quieres saber m\u00e1s no te \u00a0pierdas <a href=\"https:\/\/www.instagram.com\/VidaDeMadrid\">nuestras IG stories<\/a>.\u00a0<\/p>\n\n\n\n<h3 class=\"wp-block-heading\"><span style=\"background-color: #ffffff;\">Jornada de la tapa en Puerta del \u00c1ngel<\/span><\/h3>\n\n\n<div class=\"wp-block-image\">\n<figure class=\"aligncenter\"><a href=\"https:\/\/www.vidademadrid.com\/es\/wp-content\/uploads\/2024\/03\/WhatsApp_Image_2024-03-12_at_16.37.26_1.jpg\"><img loading=\"lazy\" decoding=\"async\" width=\"1448\" height=\"2048\" src=\"https:\/\/www.vidademadrid.com\/es\/wp-content\/uploads\/2024\/03\/WhatsApp_Image_2024-03-12_at_16.37.26_1.jpg\" alt=\"\" class=\"wp-image-55493\" srcset=\"https:\/\/www.vidademadrid.com\/es\/wp-content\/uploads\/2024\/03\/WhatsApp_Image_2024-03-12_at_16.37.26_1.jpg 1448w, https:\/\/www.vidademadrid.com\/es\/wp-content\/uploads\/2024\/03\/WhatsApp_Image_2024-03-12_at_16.37.26_1-212x300.jpg 212w, https:\/\/www.vidademadrid.com\/es\/wp-content\/uploads\/2024\/03\/WhatsApp_Image_2024-03-12_at_16.37.26_1-724x1024.jpg 724w, https:\/\/www.vidademadrid.com\/es\/wp-content\/uploads\/2024\/03\/WhatsApp_Image_2024-03-12_at_16.37.26_1-768x1086.jpg 768w, https:\/\/www.vidademadrid.com\/es\/wp-content\/uploads\/2024\/03\/WhatsApp_Image_2024-03-12_at_16.37.26_1-1086x1536.jpg 1086w, https:\/\/www.vidademadrid.com\/es\/wp-content\/uploads\/2024\/03\/WhatsApp_Image_2024-03-12_at_16.37.26_1-696x984.jpg 696w, https:\/\/www.vidademadrid.com\/es\/wp-content\/uploads\/2024\/03\/WhatsApp_Image_2024-03-12_at_16.37.26_1-1068x1511.jpg 1068w, https:\/\/www.vidademadrid.com\/es\/wp-content\/uploads\/2024\/03\/WhatsApp_Image_2024-03-12_at_16.37.26_1-297x420.jpg 297w\" sizes=\"auto, (max-width: 1448px) 100vw, 1448px\" \/><\/a><\/figure><\/div>\n\n\n<p>Hasta catorce establecimientos del barrio participan en esta ruta que celebra su cuarta edici\u00f3n. Cada uno de ellos ofrecer\u00e1&nbsp;<strong>un combo de tapa y bebida por solo 4,5\u20ac. <\/strong>Toda la info a continuaci\u00f3n.&nbsp;<\/p>\n\n\n\n<h2 class=\"wp-block-heading\">Planes para el finde<\/h2>\n\n\n\n<script async=\"\" src=\"https:\/\/pagead2.googlesyndication.com\/pagead\/js\/adsbygoogle.js\"><\/script> <ins class=\"adsbygoogle\" style=\"display:block; text-align:center;\" data-ad-layout=\"in-article\" data-ad-format=\"fluid\" data-ad-client=\"ca-pub-7450064428034605\" data-ad-slot=\"5670045061\"><\/ins> <script>(adsbygoogle = window.adsbygoogle || []).push({});<\/script>\n\n\n\n<p>Como siempre, tenemos muchas m\u00e1s propuestas de planes en Vida de Madrid. Puedes consultar el <strong>listado completo de planes<\/strong>&nbsp;en nuestra&nbsp;<a href=\"http:\/\/vidademadrid.com\/agenda\"><strong>agenda del mes<\/strong><\/a><a href=\"https:\/\/www.vidademadrid.com\/es\/52298\/agenda-septiembre-2023-madrid\/\">&nbsp;<\/a>y en el&nbsp;<a href=\"http:\/\/vidademadrid.com\/planes\"><strong>especial Planes<\/strong><\/a>. No te pierdas los eventos del momento en nuestras redes: puedes seguir <a href=\"https:\/\/www.instagram.com\/VidaDeMadrid\/\">los reportajes diarios en IG Stories @vidademadrid<\/a>\u2026 y m\u00e1s contenido en <a href=\"https:\/\/www.tiktok.com\/@vida_demadrid\">TikTok<\/a>,&nbsp;<a href=\"https:\/\/www.facebook.com\/vidademadrid\">Facebook<\/a>&nbsp;o&nbsp;<a href=\"https:\/\/twitter.com\/VidaDeMadrid\">X<\/a>.<\/p>\n","protected":false},"excerpt":{"rendered":"<p>Gran Desfile de San Patricio en Gran V\u00eda, actividades por el D\u00eda de los Bosques y exposiciones en el Museo ABC. <\/p>\n","protected":false},"author":13,"featured_media":55489,"comment_status":"open","ping_status":"open","sticky":false,"template":"","format":"standard","meta":{"footnotes":""},"categories":[1],"tags":[],"class_list":{"0":"post-55482","1":"post","2":"type-post","3":"status-publish","4":"format-standard","5":"has-post-thumbnail","7":"category-varios"},"_links":{"self":[{"href":"https:\/\/www.vidademadrid.com\/es\/wp-json\/wp\/v2\/posts\/55482","targetHints":{"allow":["GET"]}}],"collection":[{"href":"https:\/\/www.vidademadrid.com\/es\/wp-json\/wp\/v2\/posts"}],"about":[{"href":"https:\/\/www.vidademadrid.com\/es\/wp-json\/wp\/v2\/types\/post"}],"author":[{"embeddable":true,"href":"https:\/\/www.vidademadrid.com\/es\/wp-json\/wp\/v2\/users\/13"}],"replies":[{"embeddable":true,"href":"https:\/\/www.vidademadrid.com\/es\/wp-json\/wp\/v2\/comments?post=55482"}],"version-history":[{"count":12,"href":"https:\/\/www.vidademadrid.com\/es\/wp-json\/wp\/v2\/posts\/55482\/revisions"}],"predecessor-version":[{"id":55505,"href":"https:\/\/www.vidademadrid.com\/es\/wp-json\/wp\/v2\/posts\/55482\/revisions\/55505"}],"wp:featuredmedia":[{"embeddable":true,"href":"https:\/\/www.vidademadrid.com\/es\/wp-json\/wp\/v2\/media\/55489"}],"wp:attachment":[{"href":"https:\/\/www.vidademadrid.com\/es\/wp-json\/wp\/v2\/media?parent=55482"}],"wp:term":[{"taxonomy":"category","embeddable":true,"href":"https:\/\/www.vidademadrid.com\/es\/wp-json\/wp\/v2\/categories?post=55482"},{"taxonomy":"post_tag","embeddable":true,"href":"https:\/\/www.vidademadrid.com\/es\/wp-json\/wp\/v2\/tags?post=55482"}],"curies":[{"name":"wp","href":"https:\/\/api.w.org\/{rel}","templated":true}]}}