{"id":55418,"date":"2024-03-08T11:40:20","date_gmt":"2024-03-08T10:40:20","guid":{"rendered":"https:\/\/www.vidademadrid.com\/es\/?p=55418"},"modified":"2024-03-08T11:40:23","modified_gmt":"2024-03-08T10:40:23","slug":"nuevos-ascensores-calle-metro-madrid-2024","status":"publish","type":"post","link":"https:\/\/www.vidademadrid.com\/es\/55418\/nuevos-ascensores-calle-metro-madrid-2024\/","title":{"rendered":"Se instalar\u00e1n ascensores de acceso directo desde la calle en estas seis estaciones de Metro"},"content":{"rendered":"<p>La <strong>Comunidad de Madrid <\/strong>ha anunciado que se instalar\u00e1n ascensores desde la calle al and\u00e9n, sin pasar por el vest\u00edbulo, en&nbsp;<strong>seis estaciones de Metro de Madrid.&nbsp;<\/strong><\/p>\n<h2>Se instalar\u00e1n ascensores desde la calle en Metro de Madrid<\/h2>\n<p><script async=\"\" src=\"https:\/\/pagead2.googlesyndication.com\/pagead\/js\/adsbygoogle.js\"><\/script> <ins class=\"adsbygoogle\" style=\"display:block\" data-ad-format=\"fluid\" data-ad-layout-key=\"-7f+eo+1+2-5\" data-ad-client=\"ca-pub-7450064428034605\" data-ad-slot=\"7327027071\"><\/ins><script>(adsbygoogle = window.adsbygoogle || []).push({});<\/script><strong>Seis estaciones de Metro de Madrid&nbsp;<\/strong>tendr\u00e1n ascensores desde la calle que conectar\u00e1n directamente con el and\u00e9n, sin pasar por el vest\u00edbulo, as\u00ed lo ha informado la&nbsp;<strong>Comunidad de Madrid.&nbsp;<\/strong><\/p>\n<p>Para acceder a trav\u00e9s de estos ascensores, se fichar\u00e1 en un torno instalado a la salida del ascensor.&nbsp;<\/p>\n<h2>Estas son las estaciones que tendr\u00e1n ascensores desde la calle&nbsp;<\/h2>\n<p><script async=\"\" src=\"https:\/\/pagead2.googlesyndication.com\/pagead\/js\/adsbygoogle.js\"><\/script> <ins class=\"adsbygoogle\" style=\"display:block; text-align:center;\" data-ad-layout=\"in-article\" data-ad-format=\"fluid\" data-ad-client=\"ca-pub-7450064428034605\" data-ad-slot=\"5670045061\"><\/ins> <script>(adsbygoogle = window.adsbygoogle || []).push({});<\/script>Las estaciones de&nbsp;<strong>Metro de Madrid&nbsp;<\/strong>que tendr\u00e1n ascensores desde la calle son:<\/p>\n<ul>\n<li>Campamento<\/li>\n<li>Canillejas<\/li>\n<li>Carabanchel<\/li>\n<li>Ciudad Lineal<\/li>\n<li>Puente de Vallecas&nbsp;<\/li>\n<li>Tetu\u00e1n&nbsp;<\/li>\n<\/ul>\n","protected":false},"excerpt":{"rendered":"<p>La inversi\u00f3n ser\u00e1 de 11 millones de euros. <\/p>\n","protected":false},"author":15,"featured_media":55419,"comment_status":"open","ping_status":"open","sticky":false,"template":"","format":"standard","meta":{"footnotes":""},"categories":[23],"tags":[],"class_list":{"0":"post-55418","1":"post","2":"type-post","3":"status-publish","4":"format-standard","5":"has-post-thumbnail","7":"category-transportes-huelgas-madrid"},"_links":{"self":[{"href":"https:\/\/www.vidademadrid.com\/es\/wp-json\/wp\/v2\/posts\/55418","targetHints":{"allow":["GET"]}}],"collection":[{"href":"https:\/\/www.vidademadrid.com\/es\/wp-json\/wp\/v2\/posts"}],"about":[{"href":"https:\/\/www.vidademadrid.com\/es\/wp-json\/wp\/v2\/types\/post"}],"author":[{"embeddable":true,"href":"https:\/\/www.vidademadrid.com\/es\/wp-json\/wp\/v2\/users\/15"}],"replies":[{"embeddable":true,"href":"https:\/\/www.vidademadrid.com\/es\/wp-json\/wp\/v2\/comments?post=55418"}],"version-history":[{"count":1,"href":"https:\/\/www.vidademadrid.com\/es\/wp-json\/wp\/v2\/posts\/55418\/revisions"}],"predecessor-version":[{"id":55420,"href":"https:\/\/www.vidademadrid.com\/es\/wp-json\/wp\/v2\/posts\/55418\/revisions\/55420"}],"wp:featuredmedia":[{"embeddable":true,"href":"https:\/\/www.vidademadrid.com\/es\/wp-json\/wp\/v2\/media\/55419"}],"wp:attachment":[{"href":"https:\/\/www.vidademadrid.com\/es\/wp-json\/wp\/v2\/media?parent=55418"}],"wp:term":[{"taxonomy":"category","embeddable":true,"href":"https:\/\/www.vidademadrid.com\/es\/wp-json\/wp\/v2\/categories?post=55418"},{"taxonomy":"post_tag","embeddable":true,"href":"https:\/\/www.vidademadrid.com\/es\/wp-json\/wp\/v2\/tags?post=55418"}],"curies":[{"name":"wp","href":"https:\/\/api.w.org\/{rel}","templated":true}]}}