{"id":55410,"date":"2024-03-07T11:44:43","date_gmt":"2024-03-07T10:44:43","guid":{"rendered":"https:\/\/www.vidademadrid.com\/es\/?p=55410"},"modified":"2024-03-07T11:44:46","modified_gmt":"2024-03-07T10:44:46","slug":"actividades-8m-madrid-2024","status":"publish","type":"post","link":"https:\/\/www.vidademadrid.com\/es\/55410\/actividades-8m-madrid-2024\/","title":{"rendered":"8M en Madrid: manifestaciones, actividades y eventos"},"content":{"rendered":"<p>Este viernes,&nbsp;<strong>8 de marzo de 2024,&nbsp;<\/strong>se conmemorar\u00e1 el&nbsp;<strong>D\u00eda Internacional de la Mujer 2024. <\/strong>Adem\u00e1s de las manifestaciones, habr\u00e1 actividades y eventos en distintos puntos de Madrid.&nbsp;<\/p>\n<h2>8M en Madrid<\/h2>\n<p><script async=\"\" src=\"https:\/\/pagead2.googlesyndication.com\/pagead\/js\/adsbygoogle.js\"><\/script> <ins class=\"adsbygoogle\" style=\"display:block\" data-ad-format=\"fluid\" data-ad-layout-key=\"-7f+eo+1+2-5\" data-ad-client=\"ca-pub-7450064428034605\" data-ad-slot=\"7327027071\"><\/ins><script>(adsbygoogle = window.adsbygoogle || []).push({});<\/script><\/p>\n<h3>Manifestaciones por el 8M en Madrid&nbsp;<\/h3>\n<p>En Madrid, este&nbsp;<strong>8M&nbsp;<\/strong>se desarrollar\u00e1n dos manifestaciones paralelas: la del Movimiento Feminista de Madrid (MFM) y la Comisi\u00f3n 8M. El recorrido ser\u00e1 el siguiente:&nbsp;<\/p>\n<ul>\n<li><strong>Manifestaci\u00f3n MFM:&nbsp;<\/strong>partir\u00e1 desde Cibeles a las 19 horas, recorrer\u00e1 la Gran V\u00eda hasta llegar a Plaza de Espa\u00f1a. Esta manifestaci\u00f3n se llevar\u00e1 a cabo bajo el lema <strong>\u00abLa prostituci\u00f3n no es un trabajo. \u00a1Abolici\u00f3n ya!\u00bb&nbsp;<\/strong><\/li>\n<li><strong>Manifestaci\u00f3n Comisi\u00f3n 8M:&nbsp;<\/strong>empezar\u00e1 en Atocha tambi\u00e9n a las 19 horas y finalizar\u00e1 en la plaza de Col\u00f3n. Esta har\u00e1 hincapi\u00e9 en el patriarcado, los privilegios, los genocidios y el <em>MeToo&nbsp;<\/em>espa\u00f1ol #SeAcab\u00f3.&nbsp;<\/li>\n<\/ul>\n<h3>Actividad por el D\u00eda Internacional de la Mujer en el Cementerio de San Isidro de Madrid&nbsp;<\/h3>\n<p>El&nbsp;<strong>Cementerio Sacramental de San Isidro de Madrid&nbsp;<\/strong>presenta su programaci\u00f3n especial en el marco de la conmemoraci\u00f3n del&nbsp;<strong>D\u00eda Internacional de la Mujer.&nbsp;<\/strong><\/p>\n<p>A trav\u00e9s de un recorrido, se podr\u00e1 descubrir los sepulcros de grandes ilustres de la cultura, la educaci\u00f3n y la ciencia, sumergiendo a los visitantes en historias de perseverancia, talento y compromiso de la sociedad.&nbsp;<\/p>\n<p>Ser\u00e1 el&nbsp;<strong>s\u00e1bado 9 de marzo a las 11 horas.&nbsp;<\/strong>La entrada general tiene un costo de 8 euros, 6 euros la reducida y los menores de 12 a\u00f1os entran gratis. La duraci\u00f3n es de 2 horas.&nbsp;<\/p>\n<p>Es imprescindible reservar plaza en info@cementeriodesanisidro.com<\/p>\n<h3>Programa cultural del 8M del Ayuntamiento de Madrid&nbsp;<\/h3>\n<p><script async=\"\" src=\"https:\/\/pagead2.googlesyndication.com\/pagead\/js\/adsbygoogle.js\"><\/script> <ins class=\"adsbygoogle\" style=\"display:block; text-align:center;\" data-ad-layout=\"in-article\" data-ad-format=\"fluid\" data-ad-client=\"ca-pub-7450064428034605\" data-ad-slot=\"5670045061\"><\/ins> <script>(adsbygoogle = window.adsbygoogle || []).push({});<\/script>En el marco de la conmemoraci\u00f3n del&nbsp;<strong>D\u00eda Internacional de la Mujer,&nbsp;<\/strong>el Ayuntamiento de Madrid ha preparado un programa cultural en el que se ofrecer\u00e1n recitales po\u00e9ticos, cuentacuentos, homenajes hist\u00f3ricos, cine y lecturas recomendadas.&nbsp;<\/p>\n<ul>\n<li>El&nbsp;<strong>8 de marzo&nbsp;<\/strong>en la Biblioteca P\u00fablica Municipal San Ferm\u00edn en Usera se presentar\u00e1 el libro \u00a1Que viva Frida! con la participaci\u00f3n de la autora Marie C\u00f3rdoba y la ponencia en sala del ilustrador Juan D&#8217;Atri.&nbsp;<\/li>\n<li>Tambi\u00e9n el <strong>8 de marzo<\/strong>, en la Biblioteca P\u00fablica Municipal Gabriel Garc\u00eda M\u00e1rquez en Usera se llevar\u00e1 a cabo la actividad infantil &#8216;Por ellas&#8217;, una narraci\u00f3n de cuentacuentos al que seguir\u00e1 la realizaci\u00f3n de una actividad de manualidades.&nbsp;<\/li>\n<li>En la&nbsp;<strong>Biblioteca Musical Victor Espin\u00f3s&nbsp;<\/strong>se llevar\u00e1 a cabo a las 19 horas, el homenaje &#8216;Hermosa&#8217;, la nueva creaci\u00f3n de la arpista <strong>Camille Levecque&nbsp;<\/strong>en homenaje a las compositoras y arpistas de los siglos XIX a XXI.&nbsp;<\/li>\n<\/ul>\n<p>M\u00e1s actividades del&nbsp;<strong>8M en Madrid:&nbsp;<\/strong><\/p>\n<ul>\n<li><strong>Mural 8M. Creaci\u00f3n de un mural colectivo desde los Espacios T\u00e9cnicos Comunitarios&nbsp;<\/strong>a las 10 horas en Espacio de Igualdad Emilia Pardo Baz\u00e1n en Ciudad Lineal.<\/li>\n<li><strong>Acto conmemorativo 8M. Jornada comunitaria&nbsp;<\/strong>a las 10 horas en el Espacio de Igualdad Ana Orantes en Barajas.&nbsp;<\/li>\n<li><strong>Autocuidad y movimiento por el 8M&nbsp;<\/strong>a las 10.30 horas en el Espacio de Igualdad Luc\u00eda S\u00e1nchez Saornil en San Blas-Canillejas.&nbsp;<\/li>\n<li><strong>8M: D\u00eda Internacional de la Mujer. \u00a1Nos encontramos en el Espacio de Igualdad!<\/strong> a las 10.30 horas en Espacio de Igualdad Luc\u00eda S\u00e1nchez Saornil en San Blas-Canillejas.<\/li>\n<li><strong>Acto 8M. D\u00eda Internacional de las Mujeres&nbsp;<\/strong>a las 11 horas en Espacio de Igualdad Juana Do\u00f1a en Arganzuela.<\/li>\n<li><strong>Cineforum Violeta. La costilla de Ad\u00e1n&nbsp;<\/strong>a las 13 horas en Espacio de Igualdad Lucrecia P\u00e9rez en Fuencarral-El Pardo.&nbsp;<\/li>\n<li>&nbsp;<strong>Cineforum especial 8M&nbsp;<\/strong>a las 18 horas en Espacio de Igualdad Ana Orantes en Barajas.&nbsp;<\/li>\n<\/ul>\n<h3>Programa del 8M en la Fundaci\u00f3n de Ferrocarriles&nbsp;<\/h3>\n<p>La&nbsp;<strong>Fundaci\u00f3n de Ferrocarriles&nbsp;<\/strong>ha presentado el programa para conmemorar el D\u00eda Internacional de la Mujer, con el lema &#8216;Invertir en las mujeres, acelerar el progreso&#8217;.<\/p>\n<p>Entre sus actividades se incorporar\u00e1 a la web del Museo de Ferrocarril de Madrid un v\u00eddeo producido por la Biblioteca y Archivo Hist\u00f3rico Ferroviario sobre el trabajo que desempe\u00f1aban las guardesas, utilizando documentaci\u00f3n e im\u00e1genes de sus fondos.&nbsp;<\/p>\n<p>El&nbsp;<strong>8 de marzo&nbsp;<\/strong>se celebrar\u00e1 en el Museo de Ferrocarriles de Madrid (Metro Delicias) el taller &#8216;PaXando a Nivel &#8211; Aprendiendo seguridad en los pases a nivel en el d\u00eda internacional de la Mujer&#8217; con 75 ni\u00f1os y ni\u00f1as de 3\u00ba de Primaria que recibir\u00e1n nociones sobre la seguridad y conocer\u00e1n a mujeres que son referentes en el sector ferroviario.&nbsp;<\/p>\n<p>&nbsp;<\/p>\n","protected":false},"excerpt":{"rendered":"<p>Habr\u00e1 dos manifestaciones y m\u00e1s actividades. <\/p>\n","protected":false},"author":15,"featured_media":48773,"comment_status":"open","ping_status":"open","sticky":false,"template":"","format":"standard","meta":{"footnotes":""},"categories":[101,119],"tags":[],"class_list":{"0":"post-55410","1":"post","2":"type-post","3":"status-publish","4":"format-standard","5":"has-post-thumbnail","7":"category-ferias-fiestas-mercados-madrid","8":"category-portada"},"_links":{"self":[{"href":"https:\/\/www.vidademadrid.com\/es\/wp-json\/wp\/v2\/posts\/55410","targetHints":{"allow":["GET"]}}],"collection":[{"href":"https:\/\/www.vidademadrid.com\/es\/wp-json\/wp\/v2\/posts"}],"about":[{"href":"https:\/\/www.vidademadrid.com\/es\/wp-json\/wp\/v2\/types\/post"}],"author":[{"embeddable":true,"href":"https:\/\/www.vidademadrid.com\/es\/wp-json\/wp\/v2\/users\/15"}],"replies":[{"embeddable":true,"href":"https:\/\/www.vidademadrid.com\/es\/wp-json\/wp\/v2\/comments?post=55410"}],"version-history":[{"count":1,"href":"https:\/\/www.vidademadrid.com\/es\/wp-json\/wp\/v2\/posts\/55410\/revisions"}],"predecessor-version":[{"id":55411,"href":"https:\/\/www.vidademadrid.com\/es\/wp-json\/wp\/v2\/posts\/55410\/revisions\/55411"}],"wp:featuredmedia":[{"embeddable":true,"href":"https:\/\/www.vidademadrid.com\/es\/wp-json\/wp\/v2\/media\/48773"}],"wp:attachment":[{"href":"https:\/\/www.vidademadrid.com\/es\/wp-json\/wp\/v2\/media?parent=55410"}],"wp:term":[{"taxonomy":"category","embeddable":true,"href":"https:\/\/www.vidademadrid.com\/es\/wp-json\/wp\/v2\/categories?post=55410"},{"taxonomy":"post_tag","embeddable":true,"href":"https:\/\/www.vidademadrid.com\/es\/wp-json\/wp\/v2\/tags?post=55410"}],"curies":[{"name":"wp","href":"https:\/\/api.w.org\/{rel}","templated":true}]}}