{"id":55398,"date":"2024-03-08T09:32:33","date_gmt":"2024-03-08T08:32:33","guid":{"rendered":"https:\/\/www.vidademadrid.com\/es\/?p=55398"},"modified":"2025-10-04T14:51:50","modified_gmt":"2025-10-04T12:51:50","slug":"planes-para-este-fin-de-semana-en-madrid-8-9-y-10-de-marzo-de-2024","status":"publish","type":"post","link":"https:\/\/www.vidademadrid.com\/es\/55398\/planes-para-este-fin-de-semana-en-madrid-8-9-y-10-de-marzo-de-2024\/","title":{"rendered":"Planes para este fin de semana en Madrid: 8, 9 y 10 de marzo de 2024"},"content":{"rendered":"\n<p>Amantes del arte contempor\u00e1neo, \u00a1este es vuestro fin de semana! Con motivo de la semana del arte en Madrid podr\u00e1s distintos espacios de Madrid llenos de obras, colores, esculturas&#8230; Entre las actividades, no te puedes perder la nueva edici\u00f3n de <strong>ARCOmadrid, SAM, Art Madrid 2024<\/strong>. Adem\u00e1s, este finde tambi\u00e9n podr\u00e1s disfrutar de la nueva edici\u00f3n del <strong>Mercado de Motores<\/strong>, una <strong>nueva exposici\u00f3n del Thyssen<\/strong> o el aclamado musical <strong>The Producers <\/strong>en el Teatro Alcal\u00e1. Como cada semana, en este art\u00edculo te hacemos una selecci\u00f3n de los mejores planes, exposiciones y restaurantes para disfrutar este fin de semana <strong>8, 9 y 10 de marzo de 2024 en Madrid.<\/strong><\/p>\n\n\n\n<h2 class=\"wp-block-heading\">Actividades<\/h2>\n\n\n\n<script async=\"\" src=\"https:\/\/pagead2.googlesyndication.com\/pagead\/js\/adsbygoogle.js\"><\/script> <ins class=\"adsbygoogle\" style=\"display:block\" data-ad-format=\"fluid\" data-ad-layout-key=\"-7f+eo+1+2-5\" data-ad-client=\"ca-pub-7450064428034605\" data-ad-slot=\"7327027071\"><\/ins><script>(adsbygoogle = window.adsbygoogle || []).push({});<\/script>\n\n\n\n<h3 class=\"wp-block-heading\">Especial semana del arte<\/h3>\n\n\n\n<p>Con motivo de la semana del arte de Madrid, este fin de semana distintos espacios de la capital se llenan de arte, te recopilamos todo a continuaci\u00f3n y tienes <a href=\"https:\/\/www.vidademadrid.com\/es\/55336\/semana-arte-madrid-2024-todas-actividades\/\">m\u00e1s detalles en nuestro especial<\/a>:<\/p>\n\n\n<div class=\"wp-block-image\">\n<figure class=\"aligncenter\"><a href=\"https:\/\/www.vidademadrid.com\/es\/wp-content\/uploads\/2024\/03\/Arte.jpg\"><img loading=\"lazy\" decoding=\"async\" width=\"1200\" height=\"600\" src=\"https:\/\/www.vidademadrid.com\/es\/wp-content\/uploads\/2024\/03\/Arte.jpg\" alt=\"\" class=\"wp-image-55337\" srcset=\"https:\/\/www.vidademadrid.com\/es\/wp-content\/uploads\/2024\/03\/Arte.jpg 1200w, https:\/\/www.vidademadrid.com\/es\/wp-content\/uploads\/2024\/03\/Arte-300x150.jpg 300w, https:\/\/www.vidademadrid.com\/es\/wp-content\/uploads\/2024\/03\/Arte-1024x512.jpg 1024w, https:\/\/www.vidademadrid.com\/es\/wp-content\/uploads\/2024\/03\/Arte-768x384.jpg 768w, https:\/\/www.vidademadrid.com\/es\/wp-content\/uploads\/2024\/03\/Arte-696x348.jpg 696w, https:\/\/www.vidademadrid.com\/es\/wp-content\/uploads\/2024\/03\/Arte-1068x534.jpg 1068w, https:\/\/www.vidademadrid.com\/es\/wp-content\/uploads\/2024\/03\/Arte-840x420.jpg 840w\" sizes=\"auto, (max-width: 1200px) 100vw, 1200px\" \/><\/a><figcaption>Foto: ARCO Madrid<\/figcaption><\/figure><\/div>\n\n\n<h4 class=\"wp-block-heading\">Compra entradas para la nueva edici\u00f3n de ARCOmadrid<\/h4>\n\n\n\n<p>La mayor <strong>Feria de Arte Contempor\u00e1neo<\/strong> celebra su <strong>43\u00ba edici\u00f3n<\/strong>. Este a\u00f1o contar\u00e1 con un un total de&nbsp;<strong data-reader-unique-id=\"48\">207 galer\u00edas de 36 pa\u00edses entre los que&nbsp;<\/strong>el Caribe ser\u00e1 el protagonista con un proyecto central pensado en la investigaci\u00f3n de galer\u00edas y artistas vinculados a la regi\u00f3n. Estar\u00e1 abierto al publico el viernes y s\u00e1bado, 8 y 9 de marzo. Toda la info y entradas <a href=\"https:\/\/www.vidademadrid.com\/es\/55137\/arco-madrid-2024-fechas-entradas\/\">aqu\u00ed<\/a>.<\/p>\n\n\n\n<h4 class=\"wp-block-heading\">Disfruta de la semana del arte en Matadero<\/h4>\n\n\n\n<p>UVNT 2024, la primera feria espa\u00f1ola dedicada al Nuevo Arte Contempor\u00e1neo, celebrar\u00e1 su 8\u00ba edici\u00f3n este 2024 en Matadero. URVANITY es un espacio para explorar los lenguajes m\u00e1s frescos, integrar diferentes c\u00f3digos est\u00e9ticas y encontrar tendencias en el mundo del arte. Entradas a 20 \u20ac.<\/p>\n\n\n\n<p>No te pierdas la Escultura hinchable gigante en Matadero: se la conoce como <strong>The Eyes<\/strong>. Es una escultura con\u00a0una superficie de m\u00e1s de 45 metros cuadrados y forma de cabeza con ojos. Una instalaci\u00f3n que se\u00a0suma al\u00a0programa de actividades\u00a0de Matadero Madrid y se podr\u00e1 ver hasta el\u00a010 de marzo.\u00a0Toda la info <a href=\"https:\/\/www.vidademadrid.com\/es\/55264\/escultura-hinchable-gigante-matadero-madrid\/\">aqu\u00ed<\/a>.<\/p>\n\n\n<div class=\"wp-block-image\">\n<figure class=\"aligncenter\"><a href=\"https:\/\/www.vidademadrid.com\/es\/wp-content\/uploads\/2024\/02\/UVNT-Matadero.jpg\"><img loading=\"lazy\" decoding=\"async\" width=\"1200\" height=\"600\" src=\"https:\/\/www.vidademadrid.com\/es\/wp-content\/uploads\/2024\/02\/UVNT-Matadero.jpg\" alt=\"\" class=\"wp-image-55265\" srcset=\"https:\/\/www.vidademadrid.com\/es\/wp-content\/uploads\/2024\/02\/UVNT-Matadero.jpg 1200w, https:\/\/www.vidademadrid.com\/es\/wp-content\/uploads\/2024\/02\/UVNT-Matadero-300x150.jpg 300w, https:\/\/www.vidademadrid.com\/es\/wp-content\/uploads\/2024\/02\/UVNT-Matadero-1024x512.jpg 1024w, https:\/\/www.vidademadrid.com\/es\/wp-content\/uploads\/2024\/02\/UVNT-Matadero-768x384.jpg 768w, https:\/\/www.vidademadrid.com\/es\/wp-content\/uploads\/2024\/02\/UVNT-Matadero-696x348.jpg 696w, https:\/\/www.vidademadrid.com\/es\/wp-content\/uploads\/2024\/02\/UVNT-Matadero-1068x534.jpg 1068w, https:\/\/www.vidademadrid.com\/es\/wp-content\/uploads\/2024\/02\/UVNT-Matadero-840x420.jpg 840w\" sizes=\"auto, (max-width: 1200px) 100vw, 1200px\" \/><\/a><figcaption>Foto: Prensa<\/figcaption><\/figure><\/div>\n\n\n<p>Adem\u00e1s, Matadero Madrid tendr\u00e1 una programaci\u00f3n especial esta Semana del Arte 2024. M\u00e1s info <a href=\"https:\/\/www.vidademadrid.com\/es\/55336\/semana-arte-madrid-2024-todas-actividades\/\">aqu\u00ed<\/a>.<\/p>\n\n\n\n<h4 class=\"wp-block-heading\">Visita MIAD, la primera feria de dise\u00f1o, arquitectura y dise\u00f1o<\/h4>\n\n\n\n<p>Es la primera feria que combina dise\u00f1o, arquitectura y arte. Participan m\u00e1s de <strong>150 marcas, interioristas, dise\u00f1adores, artesanos y artistas<\/strong>&nbsp;en el emblem\u00e1tico que podr\u00e1s conocer de cerca en el espacio de&nbsp;<strong>La Plaza de Toros de Las Ventas<\/strong>.&nbsp;&nbsp;Disponible hasta el 17 de marzo. Toda la info <a href=\"https:\/\/www.vidademadrid.com\/es\/54722\/miad-2024-feria-diseno-arte-arquitectura-fechas-entradas\/\">aqu\u00ed<\/a>. Si quieres conocer m\u00e1s no te pierdas nuestra visita en <a href=\"https:\/\/www.instagram.com\/stories\/highlights\/18024981925987218\/\">IG stories<\/a>.<\/p>\n\n\n\n<h4 class=\"wp-block-heading\">Ad\u00e9ntrate en el arte de SAM<\/h4>\n\n\n\n<p>El&nbsp;<strong data-reader-unique-id=\"41\">Sal\u00f3n de Arte Contempor\u00e1neo,&nbsp;<\/strong>SAM, vuelve a la Fundaci\u00f3n Carlos Amberes con&nbsp;<strong>400 obras de m\u00e1s de 100 artistas&nbsp;<\/strong>entre los que se encuentran Mar\u00eda Corte, Delaunay, Giacometti, Genov\u00e9s, Matisse, Dal\u00ed, Barcel\u00f3, Sorolla, Tapies, Vald\u00e9s, Warhol, Z\u00f3bel, Zuloaga y m\u00e1s.&nbsp;Toda la info y entradas <a href=\"https:\/\/www.vidademadrid.com\/es\/55300\/salon-arte-moderno-2024-fechas-entradas\/\">aqu\u00ed<\/a>. Si quieres conocer m\u00e1s no te pierdas nuestra visita en <a href=\"https:\/\/www.instagram.com\/stories\/highlights\/17916516419873460\/\">IG stories.&nbsp;<\/a><\/p>\n\n\n\n<h4 class=\"wp-block-heading\">Descubre Art Madrid 2024<\/h4>\n\n\n\n<p><strong data-reader-unique-id=\"41\">Art Madrid\u201924&nbsp;<\/strong>vuelve <strong data-reader-unique-id=\"43\">Galer\u00eda de Cristal del Palacio de Cibeles<\/strong>&nbsp;con su Programa General de Galer\u00edas y diversas actividades y eventos que destacan la importancia e innovaci\u00f3n del arte contempor\u00e1neo. En esta edici\u00f3n se pone un \u00e9nfasis especial en el talento emergente y la interacci\u00f3n entre artistas, galeristas y p\u00fablico. Toda la info y entradas <a href=\"https:\/\/www.vidademadrid.com\/es\/55010\/art-madrid-la-feria-de-arte-contemporaneo-vuelve-a-madrid-este-2024\/\">aqu\u00ed.<\/a><\/p>\n\n\n\n<h4 class=\"wp-block-heading\">P\u00e1sate por la Feria de arte emergente HYBRID Art Fair 2024<\/h4>\n\n\n\n<p>Una Feria que busca dar visibilidad a nuevos proyectos con iniciativas innovadoras y j\u00f3venes galer\u00edas. Se podr\u00e1 visitar en el Hotel Petit Palace Santa B\u00e1rbara. Toda la info&nbsp;<a href=\"https:\/\/hybridart.es\/en\/fair\/\">aqu\u00ed.&nbsp;<\/a><\/p>\n\n\n\n<h4 class=\"wp-block-heading\">Fotograf\u00eda la obra de arte que se iluminar\u00e1 en la fachada del Senado<\/h4>\n\n\n\n<p>El\u00a0<strong data-reader-unique-id=\"28\">Ayuntamiento de Madrid\u00a0<\/strong>iluminar\u00e1 el\u00a0<strong data-reader-unique-id=\"29\">Senado\u00a0<\/strong>con motivo de la\u00a0<strong data-reader-unique-id=\"30\">Feria Internacional de Arte Contempor\u00e1neo\u00a0<\/strong>(ARCO). La obra que se proyectar\u00e1 ser\u00e1\u00a0<em data-reader-unique-id=\"31\">Floresta de Cristal\u00a0<\/em>de la artista Rosa Mu\u00f1oz. La proyecci\u00f3n de luz se realizar\u00e1 en la\u00a0<strong data-reader-unique-id=\"58\">fachada circular de la ampliaci\u00f3n del Senado\u00a0<\/strong>durante los d\u00edas <strong data-reader-unique-id=\"59\">9, 10 y 11 de marzo,\u00a0<\/strong>entre las 20.30 y las 00.00 horas. Toda la info <a href=\"https:\/\/www.vidademadrid.com\/es\/55370\/una-obra-iluminara-fachada-senado-arco-2024\/#google_vignette\">aqu\u00ed<\/a>.<\/p>\n\n\n\n<h3 class=\"wp-block-heading\">Especial 8M<\/h3>\n\n\n\n<p>Este viernes, 8 de marzo de 2024, se conmemorara el D\u00eda Internacional de la Mujer 2024. Adem\u00e1s de las manifestaciones, habr\u00e1 actividades y eventos en distintos puntos de Madrid. <strong><a href=\"https:\/\/www.vidademadrid.com\/es\/55410\/actividades-8m-madrid-2024\/\">Consulta toda la informaci\u00f3n en nuestro especial<\/a><\/strong>.<\/p>\n\n\n\n<p><\/p>\n\n\n\n<h3 class=\"wp-block-heading\">No te pierdas una nueva edici\u00f3n del Mercado de Motores<\/h3>\n\n\n\n<p>El<strong> Museo del Ferrocarril de Madrid<\/strong> vuelve a acoger este fin de semana una nueva edici\u00f3n con m\u00e1s de 150 artesanos, dise\u00f1adores, creadores, libreros, artistas, productores de alimentaci\u00f3n gourmet y especialistas en segunda mano\/vintage. Disponible <strong>durante el 9 y 10 de marzo<\/strong> con <strong>entrada gratuita<\/strong> (se requiere&nbsp;<a href=\"https:\/\/www.eventbrite.es\/e\/entradas-mercado-de-motores-9-y-10-de-marzo-entradas-gratuitas-834856256537?aff=oddtdtcreator\">previa reserva<\/a>). M\u00e1s info y actividades <a href=\"https:\/\/mercadodemotores.es\">aqu\u00ed<\/a>.<\/p>\n\n\n\n<h3 class=\"wp-block-heading\">Descubre el nuevo homenaje a las v\u00edctimas del 11M<\/h3>\n\n\n<div class=\"wp-block-image\">\n<figure class=\"aligncenter\"><a href=\"https:\/\/www.vidademadrid.com\/es\/wp-content\/uploads\/2024\/03\/Homenaje-11M.jpg\"><img loading=\"lazy\" decoding=\"async\" width=\"1200\" height=\"600\" src=\"https:\/\/www.vidademadrid.com\/es\/wp-content\/uploads\/2024\/03\/Homenaje-11M.jpg\" alt=\"\" class=\"wp-image-55350\" srcset=\"https:\/\/www.vidademadrid.com\/es\/wp-content\/uploads\/2024\/03\/Homenaje-11M.jpg 1200w, https:\/\/www.vidademadrid.com\/es\/wp-content\/uploads\/2024\/03\/Homenaje-11M-300x150.jpg 300w, https:\/\/www.vidademadrid.com\/es\/wp-content\/uploads\/2024\/03\/Homenaje-11M-1024x512.jpg 1024w, https:\/\/www.vidademadrid.com\/es\/wp-content\/uploads\/2024\/03\/Homenaje-11M-768x384.jpg 768w, https:\/\/www.vidademadrid.com\/es\/wp-content\/uploads\/2024\/03\/Homenaje-11M-696x348.jpg 696w, https:\/\/www.vidademadrid.com\/es\/wp-content\/uploads\/2024\/03\/Homenaje-11M-1068x534.jpg 1068w, https:\/\/www.vidademadrid.com\/es\/wp-content\/uploads\/2024\/03\/Homenaje-11M-840x420.jpg 840w\" sizes=\"auto, (max-width: 1200px) 100vw, 1200px\" \/><\/a><figcaption>Foto: Comunidad de Madrid<\/figcaption><\/figure><\/div>\n\n\n<p>El domingo 10 de marzo se inaugura el <strong>nuevo espacio homenaje<\/strong> en la estaci\u00f3n de Atocha. Un lugar con m\u00e1s de 2.000 metros cuadrados que incluye luces, nombres grabados y hasta frases. Adem\u00e1s, con motivo de esta inauguraci\u00f3n ese mismo d\u00eda la&nbsp;<strong>Comunidad de Madrid&nbsp;<\/strong>encender\u00e1 al atardecer un haz de luz azul que se proyectar\u00e1 hacia el cielo para honrar a los 192 fallecidos y m\u00e1s de 2 mil heridos.&nbsp;Toda la info <a href=\"https:\/\/www.vidademadrid.com\/es\/55349\/nuevo-homenaje-victimas-11m-inauguracion-2024\/#google_vignette\">aqu\u00ed<\/a>.<\/p>\n\n\n\n<h3 class=\"wp-block-heading\">Actividades 21distritos<\/h3>\n\n\n\n<p>Este fin de semana contin\u00faa la programaci\u00f3n gratuita de 21distritos con m\u00fasica, espect\u00e1culos y m\u00e1s. Entre las m\u00e1s destacadas:<\/p>\n\n\n\n<ul class=\"wp-block-list\"><li><strong>F\u00e1tima R\u00fc:<\/strong> Fusi\u00f3n de aires flamencos y sonidos de jazz, copla y bolero. 8 y 9 de marzo en Moncloa y Villa de Vallecas.<\/li><li><strong>Vestidas de mar:<\/strong> Espect\u00e1culo po\u00e9tico y musical. 8 de marzo en Vic\u00e1lvaro.<\/li><\/ul>\n\n\n\n<p>Toda la info y m\u00e1s actividades <a href=\"https:\/\/21distritos.es\/\">aqu\u00ed<\/a>.<\/p>\n\n\n\n<h2 class=\"wp-block-heading\">Exposiciones, conciertos y musicales<\/h2>\n\n\n\n<h3 class=\"wp-block-heading\">Disfruta de la nueva exposici\u00f3n del Thyssen<\/h3>\n\n\n\n<p><strong>\u00abStephanie Comilang. En busca de la vida\u00bb<\/strong>&nbsp;es la <strong>primera gran exposici\u00f3n individual de la artista<\/strong> filipino-canadiense en Espa\u00f1a, que adentra a los visitantes en&nbsp;una instalaci\u00f3n de gran formato a trav\u00e9s de dos pantallas enfrentadas que invitan a la&nbsp;reflexi\u00f3n sobre la historia, la identidad y la conexi\u00f3n entre las distintas formas de vida en nuestro planeta. Toda la info <a href=\"https:\/\/www.vidademadrid.com\/es\/55375\/exposicion-stephanie-comilang-en-busca-vida-2024\/\">aqu\u00ed<\/a>. Adem\u00e1s este s\u00e1bado se podr\u00e1 volver a <strong>visitar el museo en horario nocturno<\/strong>. M\u00e1s info <a href=\"https:\/\/www.vidademadrid.com\/es\/55211\/museo-thyssen-apertura-sabados-noche\/\">aqu\u00ed<\/a>.<\/p>\n\n\n\n<h3 class=\"wp-block-heading\">S\u00e9 el primero en visitar la exposici\u00f3n \u00ab75 a\u00f1os de Chamart\u00edn. Una historia llena de vida\u00bb<\/h3>\n\n\n\n<p>Una muestra que<strong>&nbsp;<\/strong>recorre los <strong>\u00faltimos 75 a\u00f1os del distrito<\/strong>, desde que dejara de ser Chamart\u00edn de la Rosa y se anexionara a Madrid. Disponible <strong>hasta el 31 de marzo<\/strong> en el&nbsp;<strong>Centro Cultural Nicol\u00e1s Salmer\u00f3n<\/strong> (Metro Concha Espina). La <strong>entrada<\/strong> es <strong>gratuita<\/strong>. Toda la info <a href=\"https:\/\/www.vidademadrid.com\/es\/55353\/exposicion-75-anos-chamartin\/\">aqu\u00ed<\/a>.<\/p>\n\n\n\n<h3 class=\"wp-block-heading\">Ap\u00fantate las nuevas exposiciones de CentroCentro<\/h3>\n\n\n\n<ul class=\"wp-block-list\"><li><strong>Wet Dreams:&nbsp;<\/strong>aborda el&nbsp;agua m\u00e1s all\u00e1 de su comprensi\u00f3n como un recurso a trav\u00e9s de proyectos de dise\u00f1o e investigaci\u00f3n, registros audiovisuales de espacios y pr\u00e1cticas populares, materiales de archivo, fotograf\u00edas, cer\u00e1mica y m\u00e1s. Disponible hasta el 25 de agosto.<\/li><\/ul>\n\n\n\n<ul class=\"wp-block-list\"><li><strong>Ensanchar la puerta. Nov\u00edsimo galerismo:\u00a0<\/strong>Un proyecto que pretende acercar al p\u00fablico a la creaci\u00f3n contempor\u00e1nea a trav\u00e9s\u00a0de los nuevos galeristas que han abierto las puertas de sus espacios en los \u00faltimos a\u00f1os. Disponible hasta el 2 de junio<\/li><li> <strong style=\"color: initial;\">Ciudad y videojuegos:\u00a0<\/strong><span style=\"color: initial;\">propone una mirada al videojuego desde su potencial para transformar la ciudad a trav\u00e9s de proyectos nacionales e internacionales. Disponible hasta el 25 de agosto.<\/span><\/li><\/ul>\n\n\n\n<p>M\u00e1s info de las nuevas exposiciones <a href=\"https:\/\/www.vidademadrid.com\/es\/55000\/nuevas-exposiciones-temporales-centro-centro-2024\/#google_vignette\">aqu\u00ed<\/a>.<\/p>\n\n\n\n<h3 class=\"wp-block-heading\">No te pierdas el nuevo musical \u00abThe Producers (Los Productores)\u00bb<\/h3>\n\n\n\n<p>Considerado uno de los musicales m\u00e1s espectaculares y divertidos de la historia que ya ha sido premiado con 12 Premios Tony, 1 Premio Grammy y 1 Oscar.&nbsp;Se podr\u00e1 disfrutar durante 10 semanas en el teatro Alcal\u00e1. Toda la info y entradas <a href=\"https:\/\/www.vidademadrid.com\/es\/54063\/the-producers-musical-madrid-fechas-entradas\/\">aqu\u00ed<\/a>.<\/p>\n\n\n\n<h2 class=\"wp-block-heading\">\u00daltima oportunidad para disfrutar de&#8230;<\/h2>\n\n\n\n<h3 class=\"wp-block-heading\">Exposici\u00f3n Ulla von Brandenburg en el Palacio de Velazquez del Parque el Retiro<\/h3>\n\n\n\n<p>Una muestra en la que la artista emplea una variedad de medios y t\u00e9cnicas como instalaciones, pel\u00edculas, murales y performances que exploran el psicoan\u00e1lisis, la magia y los rituales esot\u00e9ricos. Toda la info <a href=\"https:\/\/www.vidademadrid.com\/es\/55038\/exposiciones-temporales-museo-reina-sofia-2024\/\">aqu\u00ed<\/a>.<\/p>\n\n\n\n<h3 class=\"wp-block-heading\">\u00abNo va a quedar nada de todo esto\u00bb&nbsp;en CentroCentro<\/h3>\n\n\n\n<p>Un recorrido por los&nbsp;<strong data-reader-unique-id=\"43\">90 a\u00f1os de patrimonio gr\u00e1fico comercial madrile\u00f1o&nbsp;<\/strong>a trav\u00e9s de m\u00e1s de 150 r\u00f3tulos de negocios:&nbsp;neones, cajas de luz, banderines, vidrios, gr\u00e1ficas, servilletas, etiquetas, papeles de seda y m\u00e1s. M\u00e1s info <a href=\"https:\/\/www.vidademadrid.com\/es\/53372\/no-va-aquedar-nada-esto-exposicion-centro-centro-2023\/\">aqu\u00ed<\/a>.<\/p>\n\n\n\n<h3 class=\"wp-block-heading\">\u00abLuis Gordillo. Dime qui\u00e9n eres Yo\u00bb en la Sala Alcal\u00e1 31<\/h3>\n\n\n\n<p>Una exposici\u00f3n que re\u00fane una extensa selecci\u00f3n de obras del artista sevillano, Luis Gordillo, de los \u00faltimos veinte a\u00f1os. Obras muy coloridas o estilo collage, entre otras. El acceso es gratuito. Toda la info <a href=\"https:\/\/www.comunidad.madrid\/actividades\/2023\/exposicion-luis-gordillo-dime-quien-eres-yo\">aqu\u00ed<\/a>.<\/p>\n\n\n\n<h3 class=\"wp-block-heading\">Exposici\u00f3n Ibon Aranberri en el Museo Reina Sof\u00eda<\/h3>\n\n\n\n<p>Re\u00fane una selecci\u00f3n de obras desde la d\u00e9cada de 1990 hasta el presente, revisitando su obra y poniendo especial \u00e9nfasis en la evoluci\u00f3n de su lenguaje art\u00edstico. Toda la info <a href=\"https:\/\/www.vidademadrid.com\/es\/55038\/exposiciones-temporales-museo-reina-sofia-2024\/\">aqu\u00ed<\/a>.<\/p>\n\n\n\n<h2 class=\"wp-block-heading\">Restaurantes para el fin de semana<\/h2>\n\n\n\n<h3 class=\"wp-block-heading\">Nuevo local de Il Posto<\/h3>\n\n\n\n<p>Volvemos al nuevo local de Il Posto de Conde de Pe\u00f1alver, el segundo de la cadena, que ofrece una propuesta variada de platos italianos.\u00a0 No te pierdas nuestra experiencia en <a href=\"https:\/\/www.instagram.com\/VidaDeMadrid\">IG stories.<\/a>\u00a0<\/p>\n\n\n\n<h3 class=\"wp-block-heading\">Afterwork Only You Atocha&nbsp;<\/h3>\n\n\n\n<p>Para desconectar de la rutina no hay nada mejor que un afeterwork el viernes y en esta ocasi\u00f3n el hotel Only You de Atocha ha lanzado sus viernes con men\u00fa omakase: sushi, c\u00f3cteles de autor, dj y actividades que tendr\u00e1n lugar de 18 h a 23h. No te pierdas nuestra experiencia en <a href=\"https:\/\/www.instagram.com\/stories\/highlights\/18014952299485968\/\">IG stories<\/a>.&nbsp;<\/p>\n\n\n\n<h3 class=\"wp-block-heading\">Huevos y Monas de Pascua de Oriol Balaguer<\/h3>\n\n\n\n<p>Se acerca la Semana Santa y adem\u00e1s de las tradicionales torrijas, no te podr\u00e1s perder la colecci\u00f3n de Huevos y Monas de Pascua del gran Oriol Balaguer. Descubre toda la info y nuestra experiencia en <a href=\"https:\/\/www.instagram.com\/stories\/highlights\/18034175044832176\/\">IG stories<\/a>.&nbsp;<\/p>\n\n\n\n<h2 class=\"wp-block-heading\">Planes para el finde<\/h2>\n\n\n\n<script async=\"\" src=\"https:\/\/pagead2.googlesyndication.com\/pagead\/js\/adsbygoogle.js\"><\/script> <ins class=\"adsbygoogle\" style=\"display:block; text-align:center;\" data-ad-layout=\"in-article\" data-ad-format=\"fluid\" data-ad-client=\"ca-pub-7450064428034605\" data-ad-slot=\"5670045061\"><\/ins> <script>(adsbygoogle = window.adsbygoogle || []).push({});<\/script>\n\n\n\n<p>Como siempre, tenemos muchas m\u00e1s propuestas de planes en Vida de Madrid. Puedes consultar el <strong>listado completo de planes<\/strong>&nbsp;en nuestra&nbsp;<a href=\"http:\/\/vidademadrid.com\/agenda\"><strong>agenda del mes<\/strong><\/a><a href=\"https:\/\/www.vidademadrid.com\/es\/52298\/agenda-septiembre-2023-madrid\/\">&nbsp;<\/a>y en el&nbsp;<a href=\"http:\/\/vidademadrid.com\/planes\"><strong>especial Planes<\/strong><\/a>. No te pierdas los eventos del momento en nuestras redes: puedes seguir <a href=\"https:\/\/www.instagram.com\/VidaDeMadrid\/\">los reportajes diarios en IG Stories @vidademadrid<\/a>\u2026 y m\u00e1s contenido en <a href=\"https:\/\/www.tiktok.com\/@vida_demadrid\">TikTok<\/a>,&nbsp;<a href=\"https:\/\/www.facebook.com\/vidademadrid\">Facebook<\/a>&nbsp;o&nbsp;<a href=\"https:\/\/twitter.com\/VidaDeMadrid\">X<\/a>.<\/p>\n","protected":false},"excerpt":{"rendered":"<p>Arte por todo Madrid: Feria ARCO, SAM, Art Madrid, nueva exposici\u00f3n del Thyssen y mucho m\u00e1s <\/p>\n","protected":false},"author":13,"featured_media":55337,"comment_status":"open","ping_status":"open","sticky":false,"template":"","format":"standard","meta":{"footnotes":""},"categories":[187,194,119],"tags":[],"class_list":{"0":"post-55398","1":"post","2":"type-post","3":"status-publish","4":"format-standard","5":"has-post-thumbnail","7":"category-madrid-hoy","8":"category-planes-del-fin-de-semana-madrid","9":"category-portada"},"_links":{"self":[{"href":"https:\/\/www.vidademadrid.com\/es\/wp-json\/wp\/v2\/posts\/55398","targetHints":{"allow":["GET"]}}],"collection":[{"href":"https:\/\/www.vidademadrid.com\/es\/wp-json\/wp\/v2\/posts"}],"about":[{"href":"https:\/\/www.vidademadrid.com\/es\/wp-json\/wp\/v2\/types\/post"}],"author":[{"embeddable":true,"href":"https:\/\/www.vidademadrid.com\/es\/wp-json\/wp\/v2\/users\/13"}],"replies":[{"embeddable":true,"href":"https:\/\/www.vidademadrid.com\/es\/wp-json\/wp\/v2\/comments?post=55398"}],"version-history":[{"count":11,"href":"https:\/\/www.vidademadrid.com\/es\/wp-json\/wp\/v2\/posts\/55398\/revisions"}],"predecessor-version":[{"id":55417,"href":"https:\/\/www.vidademadrid.com\/es\/wp-json\/wp\/v2\/posts\/55398\/revisions\/55417"}],"wp:featuredmedia":[{"embeddable":true,"href":"https:\/\/www.vidademadrid.com\/es\/wp-json\/wp\/v2\/media\/55337"}],"wp:attachment":[{"href":"https:\/\/www.vidademadrid.com\/es\/wp-json\/wp\/v2\/media?parent=55398"}],"wp:term":[{"taxonomy":"category","embeddable":true,"href":"https:\/\/www.vidademadrid.com\/es\/wp-json\/wp\/v2\/categories?post=55398"},{"taxonomy":"post_tag","embeddable":true,"href":"https:\/\/www.vidademadrid.com\/es\/wp-json\/wp\/v2\/tags?post=55398"}],"curies":[{"name":"wp","href":"https:\/\/api.w.org\/{rel}","templated":true}]}}