{"id":55393,"date":"2024-03-06T15:34:34","date_gmt":"2024-03-06T14:34:34","guid":{"rendered":"https:\/\/www.vidademadrid.com\/es\/?p=55393"},"modified":"2024-03-06T15:34:37","modified_gmt":"2024-03-06T14:34:37","slug":"centro-logistico-pepco-plan-expansion-2024","status":"publish","type":"post","link":"https:\/\/www.vidademadrid.com\/es\/55393\/centro-logistico-pepco-plan-expansion-2024\/","title":{"rendered":"Pepco apuesta por el mercado espa\u00f1ol y tendr\u00e1 su primer centro log\u00edstico en el pa\u00eds"},"content":{"rendered":"<p><strong>Pepco\u00a0<\/strong>se expande en Espa\u00f1a. La cadena internacional minorista, procedente de Polonia, ha alquilado una nave que ser\u00e1 su\u00a0<strong>primer centro log\u00edstico\u00a0<\/strong>en Espa\u00f1a y estar\u00e1 ubicado en el Corredor de Henares.<\/p>\n<h2>Nuevo centro log\u00edstico Pepco en Madrid<\/h2>\n<p><script async=\"\" src=\"https:\/\/pagead2.googlesyndication.com\/pagead\/js\/adsbygoogle.js\"><\/script> <ins class=\"adsbygoogle\" style=\"display: block;\" data-ad-format=\"fluid\" data-ad-layout-key=\"-7f+eo+1+2-5\" data-ad-client=\"ca-pub-7450064428034605\" data-ad-slot=\"7327027071\"><\/ins><script>(adsbygoogle = window.adsbygoogle || []).push({});<\/script><\/p>\n<p>La nave log\u00edstica que ha alquilado <strong>Pepco\u00a0<\/strong>tiene m\u00e1s de 47 mil metros cuadrados de superficie y est\u00e1 ubicada en Cabanillas del Campo, en el corredor de Henares, en Guadalajara en una localizaci\u00f3n estrat\u00e9gica al noroeste de Madrid.<\/p>\n<p>Est\u00e1 nave se convertir\u00e1 en el primer centro log\u00edstico de\u00a0<strong>Pepco\u00a0<\/strong>en el sur de Europa y es parte del plan de expansi\u00f3n de la cadena polaca en la Pen\u00ednsula.<\/p>\n<h2>Grupo Pepco<\/h2>\n<p><script async=\"\" src=\"https:\/\/pagead2.googlesyndication.com\/pagead\/js\/adsbygoogle.js\"><\/script> <ins class=\"adsbygoogle\" style=\"display: block; text-align: center;\" data-ad-layout=\"in-article\" data-ad-format=\"fluid\" data-ad-client=\"ca-pub-7450064428034605\" data-ad-slot=\"5670045061\"><\/ins> <script>(adsbygoogle = window.adsbygoogle || []).push({});<\/script><\/p>\n<p><strong>Pepco Group\u00a0<\/strong>naci\u00f3 en 2014 y ofrecen productos de ropa para toda la familia y productos del hogar y alimentaci\u00f3n a los precios m\u00e1s bajos. Tiene 214 tiendas en Espa\u00f1a.<\/p>\n","protected":false},"excerpt":{"rendered":"<p>La nave tiene 47 mil metros cuadrados. <\/p>\n","protected":false},"author":15,"featured_media":46610,"comment_status":"open","ping_status":"open","sticky":false,"template":"","format":"standard","meta":{"footnotes":""},"categories":[27],"tags":[],"class_list":{"0":"post-55393","1":"post","2":"type-post","3":"status-publish","4":"format-standard","5":"has-post-thumbnail","7":"category-tiendas-madrid"},"_links":{"self":[{"href":"https:\/\/www.vidademadrid.com\/es\/wp-json\/wp\/v2\/posts\/55393","targetHints":{"allow":["GET"]}}],"collection":[{"href":"https:\/\/www.vidademadrid.com\/es\/wp-json\/wp\/v2\/posts"}],"about":[{"href":"https:\/\/www.vidademadrid.com\/es\/wp-json\/wp\/v2\/types\/post"}],"author":[{"embeddable":true,"href":"https:\/\/www.vidademadrid.com\/es\/wp-json\/wp\/v2\/users\/15"}],"replies":[{"embeddable":true,"href":"https:\/\/www.vidademadrid.com\/es\/wp-json\/wp\/v2\/comments?post=55393"}],"version-history":[{"count":1,"href":"https:\/\/www.vidademadrid.com\/es\/wp-json\/wp\/v2\/posts\/55393\/revisions"}],"predecessor-version":[{"id":55394,"href":"https:\/\/www.vidademadrid.com\/es\/wp-json\/wp\/v2\/posts\/55393\/revisions\/55394"}],"wp:featuredmedia":[{"embeddable":true,"href":"https:\/\/www.vidademadrid.com\/es\/wp-json\/wp\/v2\/media\/46610"}],"wp:attachment":[{"href":"https:\/\/www.vidademadrid.com\/es\/wp-json\/wp\/v2\/media?parent=55393"}],"wp:term":[{"taxonomy":"category","embeddable":true,"href":"https:\/\/www.vidademadrid.com\/es\/wp-json\/wp\/v2\/categories?post=55393"},{"taxonomy":"post_tag","embeddable":true,"href":"https:\/\/www.vidademadrid.com\/es\/wp-json\/wp\/v2\/tags?post=55393"}],"curies":[{"name":"wp","href":"https:\/\/api.w.org\/{rel}","templated":true}]}}