{"id":55300,"date":"2024-02-29T11:36:16","date_gmt":"2024-02-29T10:36:16","guid":{"rendered":"https:\/\/www.vidademadrid.com\/es\/?p=55300"},"modified":"2024-02-29T11:36:19","modified_gmt":"2024-02-29T10:36:19","slug":"salon-arte-moderno-2024-fechas-entradas","status":"publish","type":"post","link":"https:\/\/www.vidademadrid.com\/es\/55300\/salon-arte-moderno-2024-fechas-entradas\/","title":{"rendered":"Vuelve SAM esta Semana del Arte 2024: fechas y entradas"},"content":{"rendered":"<p><strong>SAM,&nbsp;<\/strong>Sal\u00f3n de Arte Moderno, vuelve a Madrid esta&nbsp;<strong>Semana del Arte 2024&nbsp;<\/strong>reuniendo obras de aristas modernos y contempor\u00e1neos como Sorolla, Warhol, Dal\u00ed Giacometti y m\u00e1s.&nbsp;<\/p>\n<h2>SAM 2024&nbsp;<\/h2>\n<p><script async=\"\" src=\"https:\/\/pagead2.googlesyndication.com\/pagead\/js\/adsbygoogle.js\"><\/script> <ins class=\"adsbygoogle\" style=\"display:block\" data-ad-format=\"fluid\" data-ad-layout-key=\"-7f+eo+1+2-5\" data-ad-client=\"ca-pub-7450064428034605\" data-ad-slot=\"7327027071\"><\/ins><script>(adsbygoogle = window.adsbygoogle || []).push({});<\/script>El&nbsp;<strong>Sal\u00f3n de Arte Contempor\u00e1neo,&nbsp;<\/strong>SAM, vuelve este 2024 con&nbsp;<strong>400 obras de m\u00e1s de 100 artistas&nbsp;<\/strong>entre los que se encuentran Mar\u00eda Corte, Delaunay, Giacometti, Genov\u00e9s, Matisse, Dal\u00ed, Barcel\u00f3, Sorolla, Tapies, Vald\u00e9s, Warhol, Z\u00f3bel, Zuloaga y m\u00e1s.&nbsp;<\/p>\n<p>Esta edici\u00f3n participar\u00e1n en el&nbsp;<strong>SAM 2024&nbsp;<\/strong>catorce galer\u00edas: ART LAB, ART 25, Art Petrixol, Astarloa, Beatriz B\u00e1lgoma, Benlliure, Casa Z\u00f3bel, F\u00e9liz Cervera, El Cisne, Galer\u00eda Jorge Alcolea, Salazar y Berm\u00fadez, Helarea, Fernando Pin\u00f3s y Pilares.&nbsp;<\/p>\n<h2>Fechas y entradas<\/h2>\n<p><script async=\"\" src=\"https:\/\/pagead2.googlesyndication.com\/pagead\/js\/adsbygoogle.js\"><\/script> <ins class=\"adsbygoogle\" style=\"display:block; text-align:center;\" data-ad-layout=\"in-article\" data-ad-format=\"fluid\" data-ad-client=\"ca-pub-7450064428034605\" data-ad-slot=\"5670045061\"><\/ins> <script>(adsbygoogle = window.adsbygoogle || []).push({});<\/script>El&nbsp;<strong>SAM&nbsp;<\/strong>se celebrar\u00e1 del&nbsp;<strong>6 al 10 de marzo de 2024&nbsp;<\/strong>en la Fundaci\u00f3n Carlos de Amberes (Claudio Coello, 99). El horario de apertura es el 6, 7, 8 y 9 de marzo de 11.30 a 21 horas y el domingo 10 de 11.30 a 17 horas.&nbsp;<\/p>\n<p>La entrada general cuesta&nbsp;<strong>10 euros&nbsp;<\/strong>y se puede adquirir en este <a href=\"https:\/\/www.feriasam.com\/entradas\">enlace<\/a>.&nbsp;<\/p>\n","protected":false},"excerpt":{"rendered":"<p>Ser\u00e1 del 6 al 10 de marzo. <\/p>\n","protected":false},"author":15,"featured_media":55301,"comment_status":"open","ping_status":"open","sticky":false,"template":"","format":"standard","meta":{"footnotes":""},"categories":[111],"tags":[],"class_list":{"0":"post-55300","1":"post","2":"type-post","3":"status-publish","4":"format-standard","5":"has-post-thumbnail","7":"category-exposiciones-madrid"},"_links":{"self":[{"href":"https:\/\/www.vidademadrid.com\/es\/wp-json\/wp\/v2\/posts\/55300","targetHints":{"allow":["GET"]}}],"collection":[{"href":"https:\/\/www.vidademadrid.com\/es\/wp-json\/wp\/v2\/posts"}],"about":[{"href":"https:\/\/www.vidademadrid.com\/es\/wp-json\/wp\/v2\/types\/post"}],"author":[{"embeddable":true,"href":"https:\/\/www.vidademadrid.com\/es\/wp-json\/wp\/v2\/users\/15"}],"replies":[{"embeddable":true,"href":"https:\/\/www.vidademadrid.com\/es\/wp-json\/wp\/v2\/comments?post=55300"}],"version-history":[{"count":2,"href":"https:\/\/www.vidademadrid.com\/es\/wp-json\/wp\/v2\/posts\/55300\/revisions"}],"predecessor-version":[{"id":55303,"href":"https:\/\/www.vidademadrid.com\/es\/wp-json\/wp\/v2\/posts\/55300\/revisions\/55303"}],"wp:featuredmedia":[{"embeddable":true,"href":"https:\/\/www.vidademadrid.com\/es\/wp-json\/wp\/v2\/media\/55301"}],"wp:attachment":[{"href":"https:\/\/www.vidademadrid.com\/es\/wp-json\/wp\/v2\/media?parent=55300"}],"wp:term":[{"taxonomy":"category","embeddable":true,"href":"https:\/\/www.vidademadrid.com\/es\/wp-json\/wp\/v2\/categories?post=55300"},{"taxonomy":"post_tag","embeddable":true,"href":"https:\/\/www.vidademadrid.com\/es\/wp-json\/wp\/v2\/tags?post=55300"}],"curies":[{"name":"wp","href":"https:\/\/api.w.org\/{rel}","templated":true}]}}