{"id":55296,"date":"2024-02-29T12:27:15","date_gmt":"2024-02-29T11:27:15","guid":{"rendered":"https:\/\/www.vidademadrid.com\/es\/?p=55296"},"modified":"2024-03-12T11:24:12","modified_gmt":"2024-03-12T10:24:12","slug":"vuelve-ellas-crean-con-conciertos-de-raquel-andueza-irene-reig-y-mas","status":"publish","type":"post","link":"https:\/\/www.vidademadrid.com\/es\/55296\/vuelve-ellas-crean-con-conciertos-de-raquel-andueza-irene-reig-y-mas\/","title":{"rendered":"Vuelve Ellas Crean con conciertos de Raquel Andueza, Irene Reig y m\u00e1s"},"content":{"rendered":"<p><strong>Ellas Crean,&nbsp;<\/strong>el evento que busca dar visibilidad al trabajo de las artistas y creadoras en el mundo de la cultura, vuelve a Madrid con su 20\u00ba edici\u00f3n. Te contamos toda la informaci\u00f3n en este art\u00edculo.<\/p>\n<h2>Ellas Crean 2024<\/h2>\n<p><script async=\"\" src=\"https:\/\/pagead2.googlesyndication.com\/pagead\/js\/adsbygoogle.js\"><\/script> <ins class=\"adsbygoogle\" style=\"display:block\" data-ad-format=\"fluid\" data-ad-layout-key=\"-7f+eo+1+2-5\" data-ad-client=\"ca-pub-7450064428034605\" data-ad-slot=\"7327027071\"><\/ins><script>(adsbygoogle = window.adsbygoogle || []).push({});<\/script><strong>Ellas Crean,&nbsp;<\/strong>organizado por el Instituto de las Mujeres, adscrito al Ministerio de Igualdad, celebrar\u00e1 su 20\u00ba edici\u00f3n este 2024 con m\u00e1s de <strong>40 actividades<\/strong> entre conciertos, talleres, presentaciones teatrales y exposiciones.<\/p>\n<p>Entre las actividades destacan las presentaciones de <strong>Raquel Andueza y La Galan\u00eda<\/strong> y el concierto de <strong>Irene Raig <\/strong>que abren el programa de actividades .&nbsp;<\/p>\n<h2>Conciertos Ellas Crean 2024<\/h2>\n<p><script async=\"\" src=\"https:\/\/pagead2.googlesyndication.com\/pagead\/js\/adsbygoogle.js\"><\/script> <ins class=\"adsbygoogle\" style=\"display:block; text-align:center;\" data-ad-layout=\"in-article\" data-ad-format=\"fluid\" data-ad-client=\"ca-pub-7450064428034605\" data-ad-slot=\"5670045061\"><\/ins> <script>(adsbygoogle = window.adsbygoogle || []).push({});<\/script>El programa de&nbsp;actividades de&nbsp;<strong>Ellas Crean 2024&nbsp;<\/strong>se llevar\u00e1 a cabo del&nbsp;<strong>2 al 31 de marzo<\/strong> y comenzar\u00e1n con dos presentaciones musicales:<\/p>\n<ul>\n<li>2 de marzo, 12 y 13.15 horas: Concierto&nbsp;<strong>Raquel Andueza &amp; La Galan\u00eda<\/strong> en la Sala de las Musas del Museo del Prado. Raquel es una soprando navarra con gran proyecci\u00f3n internacional. El acceso ser\u00e1 libre con entrada al museo.<\/li>\n<li>3 de marzo, 20 horas: Concierto&nbsp;<strong>Irene Reig \/ The Bop Collective&nbsp;<\/strong>en la Sala Villanos.&nbsp;<\/li>\n<li>4 al 6 de marzo: 4\u00ba Concurso Nacional de Interpretaci\u00f3n en el Conservatorio Superior de M\u00fasica \u00abRafael Orozco\u00bb<\/li>\n<\/ul>\n<p>&nbsp;<\/p>\n","protected":false},"excerpt":{"rendered":"<p>Ser\u00e1n cinco las presentaciones que forman esta propuesta. <\/p>\n","protected":false},"author":15,"featured_media":55297,"comment_status":"open","ping_status":"open","sticky":false,"template":"","format":"standard","meta":{"footnotes":""},"categories":[111,119],"tags":[],"class_list":{"0":"post-55296","1":"post","2":"type-post","3":"status-publish","4":"format-standard","5":"has-post-thumbnail","7":"category-exposiciones-madrid","8":"category-portada"},"_links":{"self":[{"href":"https:\/\/www.vidademadrid.com\/es\/wp-json\/wp\/v2\/posts\/55296","targetHints":{"allow":["GET"]}}],"collection":[{"href":"https:\/\/www.vidademadrid.com\/es\/wp-json\/wp\/v2\/posts"}],"about":[{"href":"https:\/\/www.vidademadrid.com\/es\/wp-json\/wp\/v2\/types\/post"}],"author":[{"embeddable":true,"href":"https:\/\/www.vidademadrid.com\/es\/wp-json\/wp\/v2\/users\/15"}],"replies":[{"embeddable":true,"href":"https:\/\/www.vidademadrid.com\/es\/wp-json\/wp\/v2\/comments?post=55296"}],"version-history":[{"count":3,"href":"https:\/\/www.vidademadrid.com\/es\/wp-json\/wp\/v2\/posts\/55296\/revisions"}],"predecessor-version":[{"id":55310,"href":"https:\/\/www.vidademadrid.com\/es\/wp-json\/wp\/v2\/posts\/55296\/revisions\/55310"}],"wp:featuredmedia":[{"embeddable":true,"href":"https:\/\/www.vidademadrid.com\/es\/wp-json\/wp\/v2\/media\/55297"}],"wp:attachment":[{"href":"https:\/\/www.vidademadrid.com\/es\/wp-json\/wp\/v2\/media?parent=55296"}],"wp:term":[{"taxonomy":"category","embeddable":true,"href":"https:\/\/www.vidademadrid.com\/es\/wp-json\/wp\/v2\/categories?post=55296"},{"taxonomy":"post_tag","embeddable":true,"href":"https:\/\/www.vidademadrid.com\/es\/wp-json\/wp\/v2\/tags?post=55296"}],"curies":[{"name":"wp","href":"https:\/\/api.w.org\/{rel}","templated":true}]}}