{"id":55267,"date":"2024-02-28T12:16:50","date_gmt":"2024-02-28T11:16:50","guid":{"rendered":"https:\/\/www.vidademadrid.com\/es\/?p=55267"},"modified":"2024-02-28T15:08:27","modified_gmt":"2024-02-28T14:08:27","slug":"allegro-exposicion-manolo-valdes-2024","status":"publish","type":"post","link":"https:\/\/www.vidademadrid.com\/es\/55267\/allegro-exposicion-manolo-valdes-2024\/","title":{"rendered":"Visita \u00abAllegro\u00bb, la primera exposici\u00f3n individual de Manolo Vald\u00e9s en Madrid en los \u00faltimos diez a\u00f1os"},"content":{"rendered":"<p>La obra de&nbsp;<strong>Manolo Vald\u00e9s,&nbsp;<\/strong>uno de los artistas espa\u00f1oles contempor\u00e1neos con mayor recorrido internacional, llega a Madrid en la&nbsp;<strong>primera exposici\u00f3n individual&nbsp;<\/strong>del artista en los \u00faltimos diez a\u00f1os.&nbsp;<\/p>\n<h2 class=\"p1\">Exposici\u00f3n \u00abAllegro\u00bb de Manolo Vald\u00e9s&nbsp;<\/h2>\n<p><script async=\"\" src=\"https:\/\/pagead2.googlesyndication.com\/pagead\/js\/adsbygoogle.js\"><\/script> <ins class=\"adsbygoogle\" style=\"display:block\" data-ad-format=\"fluid\" data-ad-layout-key=\"-7f+eo+1+2-5\" data-ad-client=\"ca-pub-7450064428034605\" data-ad-slot=\"7327027071\"><\/ins><script>(adsbygoogle = window.adsbygoogle || []).push({});<\/script>La primera exposici\u00f3n de&nbsp;<strong>Manolo Vald\u00e9s&nbsp;<\/strong>en Madrid llega para celebrar su carrera, que arranca en 1960 y sigue hasta descubrir su&nbsp;<strong>estilo propio,&nbsp;<\/strong>gracias a la apropiaci\u00f3n y resignificaci\u00f3n de obras pertenecientes a artistas antiguos. Particularmente a los personajes velazque\u00f1os (reinas, infantas, meninas) a las que durante los \u00faltimos 50 a\u00f1os, el artista revisita y actualiza.&nbsp;<\/p>\n<p>A trav\u00e9s de la b\u00fasqueda constante de texturas menos formales, el artista combina distintos materiales en sus obras. <strong>\u00abAllegro\u00bb<\/strong> recorre la obra de Vald\u00e9s con una&nbsp;<strong>gran variedad de materiales, colores y formas geom\u00e9tricas.&nbsp;<\/strong><\/p>\n<p>Entre las esculturas expuestas destacan \u00abReina Mariana\u00bb, \u00abMenina\u00bb, \u00abMariposas Blancas\u00bb, \u00abC\u00edrculos en Ambar\u00bb y m\u00e1s. Se exponen m\u00e1s de 40 piezas.&nbsp;&nbsp;<\/p>\n<h2>Visita la exposici\u00f3n&nbsp;<\/h2>\n<p><script async=\"\" src=\"https:\/\/pagead2.googlesyndication.com\/pagead\/js\/adsbygoogle.js\"><\/script> <ins class=\"adsbygoogle\" style=\"display:block; text-align:center;\" data-ad-layout=\"in-article\" data-ad-format=\"fluid\" data-ad-client=\"ca-pub-7450064428034605\" data-ad-slot=\"5670045061\"><\/ins> <script>(adsbygoogle = window.adsbygoogle || []).push({});<\/script><\/p>\n<p class=\"p1\"><strong>\u00abAllegro\u00bb&nbsp;<\/strong>se podr\u00e1 visitar desde el&nbsp;<strong>29 de febrero al 13 de abril de 2024&nbsp;<\/strong>en&nbsp;<strong>Opera Gallery&nbsp;<\/strong>(Metro Serrano). El horario de apertura es de lunes a s\u00e1bado de 10 a 19 horas.&nbsp;<\/p>\n","protected":false},"excerpt":{"rendered":"<p>Se podr\u00e1 visitar hasta el 13 de abril de 2024. <\/p>\n","protected":false},"author":15,"featured_media":55268,"comment_status":"open","ping_status":"open","sticky":false,"template":"","format":"standard","meta":{"footnotes":""},"categories":[111],"tags":[],"class_list":{"0":"post-55267","1":"post","2":"type-post","3":"status-publish","4":"format-standard","5":"has-post-thumbnail","7":"category-exposiciones-madrid"},"_links":{"self":[{"href":"https:\/\/www.vidademadrid.com\/es\/wp-json\/wp\/v2\/posts\/55267","targetHints":{"allow":["GET"]}}],"collection":[{"href":"https:\/\/www.vidademadrid.com\/es\/wp-json\/wp\/v2\/posts"}],"about":[{"href":"https:\/\/www.vidademadrid.com\/es\/wp-json\/wp\/v2\/types\/post"}],"author":[{"embeddable":true,"href":"https:\/\/www.vidademadrid.com\/es\/wp-json\/wp\/v2\/users\/15"}],"replies":[{"embeddable":true,"href":"https:\/\/www.vidademadrid.com\/es\/wp-json\/wp\/v2\/comments?post=55267"}],"version-history":[{"count":3,"href":"https:\/\/www.vidademadrid.com\/es\/wp-json\/wp\/v2\/posts\/55267\/revisions"}],"predecessor-version":[{"id":55276,"href":"https:\/\/www.vidademadrid.com\/es\/wp-json\/wp\/v2\/posts\/55267\/revisions\/55276"}],"wp:featuredmedia":[{"embeddable":true,"href":"https:\/\/www.vidademadrid.com\/es\/wp-json\/wp\/v2\/media\/55268"}],"wp:attachment":[{"href":"https:\/\/www.vidademadrid.com\/es\/wp-json\/wp\/v2\/media?parent=55267"}],"wp:term":[{"taxonomy":"category","embeddable":true,"href":"https:\/\/www.vidademadrid.com\/es\/wp-json\/wp\/v2\/categories?post=55267"},{"taxonomy":"post_tag","embeddable":true,"href":"https:\/\/www.vidademadrid.com\/es\/wp-json\/wp\/v2\/tags?post=55267"}],"curies":[{"name":"wp","href":"https:\/\/api.w.org\/{rel}","templated":true}]}}