{"id":55160,"date":"2024-02-22T11:50:56","date_gmt":"2024-02-22T10:50:56","guid":{"rendered":"https:\/\/www.vidademadrid.com\/es\/?p=55160"},"modified":"2024-02-22T13:03:08","modified_gmt":"2024-02-22T12:03:08","slug":"al-final-escapada-exposicion-jordi-socias-2024","status":"publish","type":"post","link":"https:\/\/www.vidademadrid.com\/es\/55160\/al-final-escapada-exposicion-jordi-socias-2024\/","title":{"rendered":"Visita \u00abJordi Soc\u00edas. Al final de la escapada\u00bb, la nueva exposici\u00f3n de la Sala Canal de Isabel II"},"content":{"rendered":"<p>La&nbsp;<strong>Sala Canal de Isabel II&nbsp;<\/strong>ha presentado la exposici\u00f3n <strong>\u00abAl final de la escapada\u00bb,&nbsp;<\/strong>que recorre la trayectoria del fot\u00f3grafo Jordi Soc\u00edas desde mediados de los a\u00f1os setenta hasta la actualidad. Te contamos toda la informaci\u00f3n en este art\u00edculo.&nbsp;<\/p>\n<h2 class=\"p1\">\u00abJordi Soc\u00edas. Al final de la escapada\u00bb<\/h2>\n<p><script async=\"\" src=\"https:\/\/pagead2.googlesyndication.com\/pagead\/js\/adsbygoogle.js\"><\/script> <ins class=\"adsbygoogle\" style=\"display:block\" data-ad-format=\"fluid\" data-ad-layout-key=\"-7f+eo+1+2-5\" data-ad-client=\"ca-pub-7450064428034605\" data-ad-slot=\"7327027071\"><\/ins><script>(adsbygoogle = window.adsbygoogle || []).push({});<\/script>La nueva exposici\u00f3n de la&nbsp;<strong>Sala Canal de Isabel II&nbsp;<\/strong>ha presentado su nueva exposici\u00f3n <strong>\u00abAl final de la escapada\u00bb&nbsp;<\/strong>que recorre la trayectoria del fot\u00f3grafo Jordi Soc\u00edas que ha sido testigo excepcional del cambio de siglo.&nbsp;<\/p>\n<p>Soc\u00edas ha retratado a grandes figuras como&nbsp;<strong>Salvador Dal\u00ed, Jorge Luis Borges, Paloma Picasso, Francis Ford Coppola&nbsp;<\/strong>y Ai Weiwei.&nbsp;<\/p>\n<p><strong>\u00abAl final de la escapada\u00bb&nbsp;<\/strong>est\u00e1 estructurada en cuatro plantas y re\u00fane una selecci\u00f3n de fotograf\u00edas, algunas in\u00e9ditas, y recorre la vida y obra de Soc\u00edas. Retratos de figuras universales y seres an\u00f3nimos se intercalan en la exposici\u00f3n que se completa con una amplia selecci\u00f3n hemerogr\u00e1fica de revistas y libros en los que Soc\u00edas ha participado como fot\u00f3grafo y editor.&nbsp;<\/p>\n<h2>Visita la exposici\u00f3n&nbsp;<\/h2>\n<p><script async=\"\" src=\"https:\/\/pagead2.googlesyndication.com\/pagead\/js\/adsbygoogle.js\"><\/script> <ins class=\"adsbygoogle\" style=\"display:block; text-align:center;\" data-ad-layout=\"in-article\" data-ad-format=\"fluid\" data-ad-client=\"ca-pub-7450064428034605\" data-ad-slot=\"5670045061\"><\/ins> <script>(adsbygoogle = window.adsbygoogle || []).push({});<\/script><strong>\u00abAl final de la escapada\u00bb&nbsp;<\/strong>se podr\u00e1 visitar del 22 de febrero al 21 de abril de 2024 en la&nbsp;<strong>Sala Canal Isabel II&nbsp;<\/strong>(Metro R\u00edos Rosas \/ Alonso Cano). El horario de la exposici\u00f3n es de martes a s\u00e1bados de 11 a 20.30 horas y los domingos de 11 a 14 horas.&nbsp;<\/p>\n<p>La entrada es gratuita.&nbsp;<\/p>\n","protected":false},"excerpt":{"rendered":"<p>Se podr\u00e1 visitar del 22 de febrero al 21 de abril. <\/p>\n","protected":false},"author":15,"featured_media":55161,"comment_status":"open","ping_status":"open","sticky":false,"template":"","format":"standard","meta":{"footnotes":""},"categories":[111,187],"tags":[],"class_list":{"0":"post-55160","1":"post","2":"type-post","3":"status-publish","4":"format-standard","5":"has-post-thumbnail","7":"category-exposiciones-madrid","8":"category-madrid-hoy"},"_links":{"self":[{"href":"https:\/\/www.vidademadrid.com\/es\/wp-json\/wp\/v2\/posts\/55160","targetHints":{"allow":["GET"]}}],"collection":[{"href":"https:\/\/www.vidademadrid.com\/es\/wp-json\/wp\/v2\/posts"}],"about":[{"href":"https:\/\/www.vidademadrid.com\/es\/wp-json\/wp\/v2\/types\/post"}],"author":[{"embeddable":true,"href":"https:\/\/www.vidademadrid.com\/es\/wp-json\/wp\/v2\/users\/15"}],"replies":[{"embeddable":true,"href":"https:\/\/www.vidademadrid.com\/es\/wp-json\/wp\/v2\/comments?post=55160"}],"version-history":[{"count":3,"href":"https:\/\/www.vidademadrid.com\/es\/wp-json\/wp\/v2\/posts\/55160\/revisions"}],"predecessor-version":[{"id":55172,"href":"https:\/\/www.vidademadrid.com\/es\/wp-json\/wp\/v2\/posts\/55160\/revisions\/55172"}],"wp:featuredmedia":[{"embeddable":true,"href":"https:\/\/www.vidademadrid.com\/es\/wp-json\/wp\/v2\/media\/55161"}],"wp:attachment":[{"href":"https:\/\/www.vidademadrid.com\/es\/wp-json\/wp\/v2\/media?parent=55160"}],"wp:term":[{"taxonomy":"category","embeddable":true,"href":"https:\/\/www.vidademadrid.com\/es\/wp-json\/wp\/v2\/categories?post=55160"},{"taxonomy":"post_tag","embeddable":true,"href":"https:\/\/www.vidademadrid.com\/es\/wp-json\/wp\/v2\/tags?post=55160"}],"curies":[{"name":"wp","href":"https:\/\/api.w.org\/{rel}","templated":true}]}}