{"id":55018,"date":"2024-02-13T13:18:23","date_gmt":"2024-02-13T12:18:23","guid":{"rendered":"https:\/\/www.vidademadrid.com\/es\/?p=55018"},"modified":"2024-02-13T13:18:26","modified_gmt":"2024-02-13T12:18:26","slug":"programa-21distritos-2024-actividades-gratuitas-fechas","status":"publish","type":"post","link":"https:\/\/www.vidademadrid.com\/es\/55018\/programa-21distritos-2024-actividades-gratuitas-fechas\/","title":{"rendered":"21distritos vuelve con un programa lleno de actividades gratuitas"},"content":{"rendered":"<p>El&nbsp;<strong>Ayuntamiento de Madrid&nbsp;<\/strong>ha anunciado el programa de actividades gratuitas de la 5\u00ba edici\u00f3n de <strong>21distritos.&nbsp;<\/strong>Conoce toda la informaci\u00f3n en este art\u00edculo.&nbsp;<\/p>\n<h2>Vuelve 21distritos este 2024<\/h2>\n<p><script async=\"\" src=\"https:\/\/pagead2.googlesyndication.com\/pagead\/js\/adsbygoogle.js\"><\/script> <ins class=\"adsbygoogle\" style=\"display:block\" data-ad-format=\"fluid\" data-ad-layout-key=\"-7f+eo+1+2-5\" data-ad-client=\"ca-pub-7450064428034605\" data-ad-slot=\"7327027071\"><\/ins><script>(adsbygoogle = window.adsbygoogle || []).push({});<\/script>El programa impulsado por el \u00c1rea de Cultura, Turismo y Deporte,&nbsp;<strong>21distritos&nbsp;<\/strong>vuelve este 2024 con un programa de actividades culturales que abarca desde&nbsp;<strong>m\u00fasica, teatro, circo, danza exposiciones, talleres, audiovisuales, t\u00edteres y eventos al aire libre hasta actividades formativas y de mediaci\u00f3n.&nbsp;<\/strong><\/p>\n<p>Este a\u00f1o, se incorporar\u00e1n m\u00e1s espacios para que las actividades lleguen a m\u00e1s personas. Entre las novedades de 2024 est\u00e1 la participaci\u00f3n de artistas nacionales e internacionales as\u00ed como la colaboraci\u00f3n con distintas asociaciones para aumentar la multiculturalidad y sostenibilidad de&nbsp;<strong>21distritos.<\/strong><\/p>\n<h2>Programa 21distritos 2024<\/h2>\n<p><script async=\"\" src=\"https:\/\/pagead2.googlesyndication.com\/pagead\/js\/adsbygoogle.js\"><\/script> <ins class=\"adsbygoogle\" style=\"display:block; text-align:center;\" data-ad-layout=\"in-article\" data-ad-format=\"fluid\" data-ad-client=\"ca-pub-7450064428034605\" data-ad-slot=\"5670045061\"><\/ins> <script>(adsbygoogle = window.adsbygoogle || []).push({});<\/script>Las actividades de&nbsp;<strong>21distritos&nbsp;<\/strong>comenzar\u00e1n el&nbsp;<strong>16 de febrero&nbsp;<\/strong>y se llevar\u00e1 a cabo durante todo el a\u00f1o. Comenzar\u00e1 en el distrito de&nbsp;<strong>Usera&nbsp;<\/strong>con la inauguraci\u00f3n de la exposici\u00f3n &#8216;Ciudades coloridas: El cuaderno de Zhong Lyu&#8217;, enmarcada en las festividades del A\u00f1o Nuevo Chino.&nbsp;<\/p>\n<p>Tambi\u00e9n se llevar\u00e1 a cabo la presentaci\u00f3n de La Chachi con su pieza de flamenco contempor\u00e1neo titulada &#8216;Taranto aleatorio&#8217; acompa\u00f1ada por Lola Torres. Ser\u00e1 en el Centro Cultural Casa de Vacas.&nbsp;<\/p>\n<p>Tambi\u00e9n habr\u00e1 presentaciones de los mejores magos del mundo en el&nbsp;<strong>Festival Internacional de Magia de Madrid.&nbsp;<\/strong><\/p>\n<p>Algunas otras actividades que se podr\u00e1n disfrutar son:<\/p>\n<ul>\n<li>Presentaci\u00f3n &#8216;The Loser&#8217; en la Ca\u00f1ada Real.<\/li>\n<li>Aletas en Carabanchel y Fuencarral-El Pardo.<\/li>\n<li>Presentaci\u00f3n de Creativa Junio Big Band, una big band de jazz formada por adolescentes en La Latina.&nbsp;<\/li>\n<li>Presentaci\u00f3n de Fatima R\u00fc&nbsp;<\/li>\n<li>Recital &#8216;B\u00e9cquer y Quevedo: Amor y muerte&#8217; de Pedro Casablanc.&nbsp;<\/li>\n<\/ul>\n<p>Consulta el programa completo en este <a href=\"https:\/\/21distritos.es\/programacion\/\">enlace<\/a>.&nbsp;<\/p>\n","protected":false},"excerpt":{"rendered":"<p>Conoce el programa de actividades. <\/p>\n","protected":false},"author":15,"featured_media":55019,"comment_status":"open","ping_status":"open","sticky":false,"template":"","format":"standard","meta":{"footnotes":""},"categories":[111],"tags":[],"class_list":{"0":"post-55018","1":"post","2":"type-post","3":"status-publish","4":"format-standard","5":"has-post-thumbnail","7":"category-exposiciones-madrid"},"_links":{"self":[{"href":"https:\/\/www.vidademadrid.com\/es\/wp-json\/wp\/v2\/posts\/55018","targetHints":{"allow":["GET"]}}],"collection":[{"href":"https:\/\/www.vidademadrid.com\/es\/wp-json\/wp\/v2\/posts"}],"about":[{"href":"https:\/\/www.vidademadrid.com\/es\/wp-json\/wp\/v2\/types\/post"}],"author":[{"embeddable":true,"href":"https:\/\/www.vidademadrid.com\/es\/wp-json\/wp\/v2\/users\/15"}],"replies":[{"embeddable":true,"href":"https:\/\/www.vidademadrid.com\/es\/wp-json\/wp\/v2\/comments?post=55018"}],"version-history":[{"count":2,"href":"https:\/\/www.vidademadrid.com\/es\/wp-json\/wp\/v2\/posts\/55018\/revisions"}],"predecessor-version":[{"id":55021,"href":"https:\/\/www.vidademadrid.com\/es\/wp-json\/wp\/v2\/posts\/55018\/revisions\/55021"}],"wp:featuredmedia":[{"embeddable":true,"href":"https:\/\/www.vidademadrid.com\/es\/wp-json\/wp\/v2\/media\/55019"}],"wp:attachment":[{"href":"https:\/\/www.vidademadrid.com\/es\/wp-json\/wp\/v2\/media?parent=55018"}],"wp:term":[{"taxonomy":"category","embeddable":true,"href":"https:\/\/www.vidademadrid.com\/es\/wp-json\/wp\/v2\/categories?post=55018"},{"taxonomy":"post_tag","embeddable":true,"href":"https:\/\/www.vidademadrid.com\/es\/wp-json\/wp\/v2\/tags?post=55018"}],"curies":[{"name":"wp","href":"https:\/\/api.w.org\/{rel}","templated":true}]}}