{"id":5497,"date":"2016-11-01T22:53:17","date_gmt":"2016-11-01T21:53:17","guid":{"rendered":"http:\/\/www.vidademadrid.com\/es\/?p=5497"},"modified":"2016-11-01T23:31:12","modified_gmt":"2016-11-01T22:31:12","slug":"circulacion-madrid-2-noviembre-2016","status":"publish","type":"post","link":"https:\/\/www.vidademadrid.com\/es\/5497\/circulacion-madrid-2-noviembre-2016\/","title":{"rendered":"Circulaci\u00f3n Madrid 2 noviembre 2016: info restricciones tr\u00e1fico hoy y ma\u00f1ana"},"content":{"rendered":"<p>En esta p\u00e1gina os doy la info (desde fuentes oficiales) sobre la circulaci\u00f3n de coches en Madrid: \u00bfse puede circular el mi\u00e9rcoles 2 noviembre 2016 en Madrid? \u00bfCuales son la restricciones de tr\u00e1fico de hoy y ma\u00f1ana?<\/p>\n<p>En los siguientes enlaces pincha para saber toda la info sobre la circulaci\u00f3n en Madrid el 2 noviembre 2016 (y pr\u00f3ximos d\u00edas).<br \/>\n<script async src=\"\/\/pagead2.googlesyndication.com\/pagead\/js\/adsbygoogle.js\"><\/script> <!-- Vida vertical --> <ins class=\"adsbygoogle\" style=\"display:inline-block;width:300px;height:600px\" data-ad-client=\"ca-pub-7450064428034605\" data-ad-slot=\"7296098777\"><\/ins> <script> (adsbygoogle = window.adsbygoogle || []).push({}); <\/script><br \/>\n<a href=\"#a\">Circulaci\u00f3n Madrid 2 noviembre 2016: restricciones tr\u00e1fico<\/a> &#8211; <a href=\"#b\">Info escenarios protocolo contaminaci\u00f3n<\/a><\/p>\n<h2 id=\"a\">Circulaci\u00f3n Madrid 2 noviembre 2016: restricciones tr\u00e1fico<\/h2>\n<p><script async src=\"\/\/pagead2.googlesyndication.com\/pagead\/js\/adsbygoogle.js\"><\/script> <!-- Vida 1 --> <ins class=\"adsbygoogle\" style=\"display:block\" data-ad-client=\"ca-pub-7450064428034605\" data-ad-slot=\"2284573579\" data-ad-format=\"auto\"><\/ins> <script> (adsbygoogle = window.adsbygoogle || []).push({}); <\/script> <\/p>\n<p><strong>2 noviembre 2016 sin restricciones de tr\u00e1fico<\/strong><\/p>\n<blockquote class=\"twitter-tweet\" data-lang=\"es\">\n<p lang=\"es\" dir=\"ltr\">?? Los medidores traen buenas noticias: el NO2 ha bajado. Se desactiva el <a href=\"https:\/\/twitter.com\/hashtag\/protocolocontaminaci%C3%B3n?src=hash\">#protocolocontaminaci\u00f3n<\/a>. Este mi\u00e9rcoles no habr\u00e1 restricciones. ?<\/p>\n<p>&mdash; Ayuntamiento Madrid (@MADRID) <a href=\"https:\/\/twitter.com\/MADRID\/status\/793580628176433153\">1 de noviembre de 2016<\/a><\/p><\/blockquote>\n<p><script async src=\"\/\/platform.twitter.com\/widgets.js\" charset=\"utf-8\"><\/script><\/p>\n<h2 id=\"b\">Info escenarios protocolo contaminaci\u00f3n<\/h2>\n<p><script async src=\"\/\/pagead2.googlesyndication.com\/pagead\/js\/adsbygoogle.js\"><\/script> <!-- Vida-titolo-2 --> <ins class=\"adsbygoogle\" style=\"display:block\" data-ad-client=\"ca-pub-7450064428034605\" data-ad-slot=\"8808233172\" data-ad-format=\"link\"><\/ins> <script> (adsbygoogle = window.adsbygoogle || []).push({}); <\/script><br \/>\nPincha para saber los detalles de cada escenario (escenario 1, 2, 3 y 4): <a href=\"http:\/\/www.vidademadrid.com\/es\/5492\/escenario-3-madrid\/\">Info escenarios<\/a><\/p>\n","protected":false},"excerpt":{"rendered":"<p>En esta p\u00e1gina os doy la info (desde fuentes oficiales) sobre la circulaci\u00f3n de coches en Madrid: \u00bfse puede circular el mi\u00e9rcoles 2 noviembre 2016 en Madrid? \u00bfCuales son la restricciones de tr\u00e1fico de hoy y ma\u00f1ana? En los siguientes enlaces pincha para saber toda la info sobre la circulaci\u00f3n en Madrid el 2 noviembre [&hellip;]<\/p>\n","protected":false},"author":1,"featured_media":0,"comment_status":"open","ping_status":"open","sticky":false,"template":"","format":"standard","meta":{"footnotes":""},"categories":[23],"tags":[],"class_list":{"0":"post-5497","1":"post","2":"type-post","3":"status-publish","4":"format-standard","6":"category-transportes-huelgas-madrid"},"_links":{"self":[{"href":"https:\/\/www.vidademadrid.com\/es\/wp-json\/wp\/v2\/posts\/5497","targetHints":{"allow":["GET"]}}],"collection":[{"href":"https:\/\/www.vidademadrid.com\/es\/wp-json\/wp\/v2\/posts"}],"about":[{"href":"https:\/\/www.vidademadrid.com\/es\/wp-json\/wp\/v2\/types\/post"}],"author":[{"embeddable":true,"href":"https:\/\/www.vidademadrid.com\/es\/wp-json\/wp\/v2\/users\/1"}],"replies":[{"embeddable":true,"href":"https:\/\/www.vidademadrid.com\/es\/wp-json\/wp\/v2\/comments?post=5497"}],"version-history":[{"count":8,"href":"https:\/\/www.vidademadrid.com\/es\/wp-json\/wp\/v2\/posts\/5497\/revisions"}],"predecessor-version":[{"id":5507,"href":"https:\/\/www.vidademadrid.com\/es\/wp-json\/wp\/v2\/posts\/5497\/revisions\/5507"}],"wp:attachment":[{"href":"https:\/\/www.vidademadrid.com\/es\/wp-json\/wp\/v2\/media?parent=5497"}],"wp:term":[{"taxonomy":"category","embeddable":true,"href":"https:\/\/www.vidademadrid.com\/es\/wp-json\/wp\/v2\/categories?post=5497"},{"taxonomy":"post_tag","embeddable":true,"href":"https:\/\/www.vidademadrid.com\/es\/wp-json\/wp\/v2\/tags?post=5497"}],"curies":[{"name":"wp","href":"https:\/\/api.w.org\/{rel}","templated":true}]}}