{"id":54877,"date":"2024-02-05T12:38:34","date_gmt":"2024-02-05T11:38:34","guid":{"rendered":"https:\/\/www.vidademadrid.com\/es\/?p=54877"},"modified":"2024-02-05T12:38:38","modified_gmt":"2024-02-05T11:38:38","slug":"entierro-sardina-2024-carnaval-madrid-fecha-hora-recorrido","status":"publish","type":"post","link":"https:\/\/www.vidademadrid.com\/es\/54877\/entierro-sardina-2024-carnaval-madrid-fecha-hora-recorrido\/","title":{"rendered":"Entierro de la Sardina 2024 Madrid: fecha, recorrido y horario"},"content":{"rendered":"<p>Una de las actividades m\u00e1s tradicionales y esperadas de los\u00a0<strong>Carnavales madrile\u00f1os\u00a0<\/strong>es el\u00a0<strong>Entierro de la Sardina,\u00a0<\/strong>la ceremonia con la que se anuncia el\u00a0<strong>fin del Carnaval.\u00a0<\/strong>Este a\u00f1o ser\u00e1 el 14 de febrero. Te contamos toda la informaci\u00f3n en este art\u00edculo.<\/p>\n<h2>Entierro de la Sardina 2024: Recorrido y horarios<\/h2>\n<p><script async=\"\" src=\"https:\/\/pagead2.googlesyndication.com\/pagead\/js\/adsbygoogle.js\"><\/script> <ins class=\"adsbygoogle\" style=\"display: block;\" data-ad-format=\"fluid\" data-ad-layout-key=\"-7f+eo+1+2-5\" data-ad-client=\"ca-pub-7450064428034605\" data-ad-slot=\"7327027071\"><\/ins><script>(adsbygoogle = window.adsbygoogle || []).push({});<\/script><\/p>\n<p>La\u00a0Alegre Cofrad\u00eda del Entierro de la Sardina son los protagonistas del\u00a0<strong>Entierro de la Sardina\u00a0<\/strong>que ser\u00e1 el\u00a0<strong>14 de febrero\u00a0<\/strong>y habr\u00e1 dos itinerarios: uno en la ma\u00f1ana y otro en la tarde.<\/p>\n<p>La participaci\u00f3n en el desfile del Entierro de la Sardina es gratuito y te podr\u00e1s unir en cualquier punto del itinerario.<\/p>\n<h3>Itinerario de ma\u00f1ana, de 11 a 15 horas<\/h3>\n<p><script async=\"\" src=\"https:\/\/pagead2.googlesyndication.com\/pagead\/js\/adsbygoogle.js\"><\/script> <ins class=\"adsbygoogle\" style=\"display: block; text-align: center;\" data-ad-layout=\"in-article\" data-ad-format=\"fluid\" data-ad-client=\"ca-pub-7450064428034605\" data-ad-slot=\"5670045061\"><\/ins> <script>(adsbygoogle = window.adsbygoogle || []).push({});<\/script><\/p>\n<p>El recorrido del\u00a0<strong>Entierro de la Sardina\u00a0<\/strong>comenzar\u00e1 a las 11 horas en la calle Rodrigo de Guevara 4 y recorrer\u00e1 la calle de Santa Ana, calle de la Ruda, plaza de Cascorro, calle Toledo, plaza de la Cebada, Cava Baja, Puerta Cerrada, calle Segovia, calle San Justo, plaza del Cord\u00f3n, calle Sacramento, calle Madrid, plaza de la Villa, calle Mayor, calle Ciudad Rodrigo, plaza Mayor, calle Cuchilleros, plaza de Puerta Cerrada, plaza Segovia Nueva, calle Colegiata y plaza Tirso de Molina, donde finalizar\u00e1 sobre las 15 horas.<\/p>\n<h3>Itinerario de tarde, 18 a 21 horas<\/h3>\n<p>El recorrido vespertino comenzar\u00e1 a las\u00a0<strong>18 horas\u00a0<\/strong>desde la ermita de San Antonio de la Florida donde se presentar\u00e1n los respetos al primer cofrade de honor, D. Francisco de Goya y Lucientes. Despu\u00e9s, el recorrido ser\u00e1 por el puente de la Reina Victoria, el Paseo del Comandante Fortea, calle de Santa Comba y del Doctor Casal, t\u00fanel de salida a la Calle 30. El recorrido finalizar\u00e1 en la Fuente del Pajarito de la Casa de Campo con la tradicional hoguera sobre las 21 horas.<\/p>\n","protected":false},"excerpt":{"rendered":"<p>Una de las fiestas m\u00e1s tradicionales de los Carnavales. <\/p>\n","protected":false},"author":15,"featured_media":54878,"comment_status":"open","ping_status":"open","sticky":false,"template":"","format":"standard","meta":{"footnotes":""},"categories":[101],"tags":[],"class_list":{"0":"post-54877","1":"post","2":"type-post","3":"status-publish","4":"format-standard","5":"has-post-thumbnail","7":"category-ferias-fiestas-mercados-madrid"},"_links":{"self":[{"href":"https:\/\/www.vidademadrid.com\/es\/wp-json\/wp\/v2\/posts\/54877","targetHints":{"allow":["GET"]}}],"collection":[{"href":"https:\/\/www.vidademadrid.com\/es\/wp-json\/wp\/v2\/posts"}],"about":[{"href":"https:\/\/www.vidademadrid.com\/es\/wp-json\/wp\/v2\/types\/post"}],"author":[{"embeddable":true,"href":"https:\/\/www.vidademadrid.com\/es\/wp-json\/wp\/v2\/users\/15"}],"replies":[{"embeddable":true,"href":"https:\/\/www.vidademadrid.com\/es\/wp-json\/wp\/v2\/comments?post=54877"}],"version-history":[{"count":1,"href":"https:\/\/www.vidademadrid.com\/es\/wp-json\/wp\/v2\/posts\/54877\/revisions"}],"predecessor-version":[{"id":54881,"href":"https:\/\/www.vidademadrid.com\/es\/wp-json\/wp\/v2\/posts\/54877\/revisions\/54881"}],"wp:featuredmedia":[{"embeddable":true,"href":"https:\/\/www.vidademadrid.com\/es\/wp-json\/wp\/v2\/media\/54878"}],"wp:attachment":[{"href":"https:\/\/www.vidademadrid.com\/es\/wp-json\/wp\/v2\/media?parent=54877"}],"wp:term":[{"taxonomy":"category","embeddable":true,"href":"https:\/\/www.vidademadrid.com\/es\/wp-json\/wp\/v2\/categories?post=54877"},{"taxonomy":"post_tag","embeddable":true,"href":"https:\/\/www.vidademadrid.com\/es\/wp-json\/wp\/v2\/tags?post=54877"}],"curies":[{"name":"wp","href":"https:\/\/api.w.org\/{rel}","templated":true}]}}