{"id":54872,"date":"2024-02-05T11:56:50","date_gmt":"2024-02-05T10:56:50","guid":{"rendered":"https:\/\/www.vidademadrid.com\/es\/?p=54872"},"modified":"2024-02-05T11:56:52","modified_gmt":"2024-02-05T10:56:52","slug":"manteo-pelele-2024-carnaval-madrid-fecha-hora","status":"publish","type":"post","link":"https:\/\/www.vidademadrid.com\/es\/54872\/manteo-pelele-2024-carnaval-madrid-fecha-hora\/","title":{"rendered":"Carnaval de Madrid 2024: Manteo del Pelele"},"content":{"rendered":"<p>El tradicional <strong>M<\/strong><strong>anteo del pelele&nbsp;<\/strong>vuelve al&nbsp;<strong>Carnaval de Madrid <\/strong>este 2024. Con m\u00fasica en vivo y la vestimenta tradicional de Madrid se llevar\u00e1n a cabo los&nbsp;<strong>Manteos de peleles&nbsp;<\/strong>en Matadero Madrid.&nbsp;<\/p>\n<h2>Manteo de peleles 2024&nbsp;<\/h2>\n<p><script async=\"\" src=\"https:\/\/pagead2.googlesyndication.com\/pagead\/js\/adsbygoogle.js\"><\/script> <ins class=\"adsbygoogle\" style=\"display:block\" data-ad-format=\"fluid\" data-ad-layout-key=\"-7f+eo+1+2-5\" data-ad-client=\"ca-pub-7450064428034605\" data-ad-slot=\"7327027071\"><\/ins><script>(adsbygoogle = window.adsbygoogle || []).push({});<\/script>Las coplas y melod\u00edas tradicionales volver\u00e1n a sonar sobre el escenario en el <strong>Manteo de peleles&nbsp;<\/strong>de los carnavales madrile\u00f1os.&nbsp;<\/p>\n<p>La m\u00fasica y vestimenta tradicional de Madrid sonar\u00e1n en el&nbsp;<strong>Manteo de peleles&nbsp;<\/strong>en los que podr\u00e1n participar el p\u00fablico. Adem\u00e1s, habr\u00e1 m\u00e1s actividades y bailes participativos que terminar\u00e1n con&nbsp;<strong>un gran baile de rueda.&nbsp;<\/strong><\/p>\n<h2>Manteo de Peleles en Carnaval 2024: fecha y hora<\/h2>\n<p><script async=\"\" src=\"https:\/\/pagead2.googlesyndication.com\/pagead\/js\/adsbygoogle.js\"><\/script> <ins class=\"adsbygoogle\" style=\"display:block; text-align:center;\" data-ad-layout=\"in-article\" data-ad-format=\"fluid\" data-ad-client=\"ca-pub-7450064428034605\" data-ad-slot=\"5670045061\"><\/ins> <script>(adsbygoogle = window.adsbygoogle || []).push({});<\/script>El&nbsp;<strong>Manteo de peleles&nbsp;<\/strong>ser\u00e1 el <strong>domingo 11 de febrero <\/strong>a las&nbsp;<strong>11 horas&nbsp;<\/strong>en&nbsp;<strong>Matadero Madrid&nbsp;<\/strong>(Metro Legazpi). El acceso es gratuito.&nbsp;<\/p>\n","protected":false},"excerpt":{"rendered":"<p>Este evento es para todos los p\u00fablicos. <\/p>\n","protected":false},"author":15,"featured_media":54873,"comment_status":"open","ping_status":"open","sticky":false,"template":"","format":"standard","meta":{"footnotes":""},"categories":[101],"tags":[],"class_list":{"0":"post-54872","1":"post","2":"type-post","3":"status-publish","4":"format-standard","5":"has-post-thumbnail","7":"category-ferias-fiestas-mercados-madrid"},"_links":{"self":[{"href":"https:\/\/www.vidademadrid.com\/es\/wp-json\/wp\/v2\/posts\/54872","targetHints":{"allow":["GET"]}}],"collection":[{"href":"https:\/\/www.vidademadrid.com\/es\/wp-json\/wp\/v2\/posts"}],"about":[{"href":"https:\/\/www.vidademadrid.com\/es\/wp-json\/wp\/v2\/types\/post"}],"author":[{"embeddable":true,"href":"https:\/\/www.vidademadrid.com\/es\/wp-json\/wp\/v2\/users\/15"}],"replies":[{"embeddable":true,"href":"https:\/\/www.vidademadrid.com\/es\/wp-json\/wp\/v2\/comments?post=54872"}],"version-history":[{"count":2,"href":"https:\/\/www.vidademadrid.com\/es\/wp-json\/wp\/v2\/posts\/54872\/revisions"}],"predecessor-version":[{"id":54876,"href":"https:\/\/www.vidademadrid.com\/es\/wp-json\/wp\/v2\/posts\/54872\/revisions\/54876"}],"wp:featuredmedia":[{"embeddable":true,"href":"https:\/\/www.vidademadrid.com\/es\/wp-json\/wp\/v2\/media\/54873"}],"wp:attachment":[{"href":"https:\/\/www.vidademadrid.com\/es\/wp-json\/wp\/v2\/media?parent=54872"}],"wp:term":[{"taxonomy":"category","embeddable":true,"href":"https:\/\/www.vidademadrid.com\/es\/wp-json\/wp\/v2\/categories?post=54872"},{"taxonomy":"post_tag","embeddable":true,"href":"https:\/\/www.vidademadrid.com\/es\/wp-json\/wp\/v2\/tags?post=54872"}],"curies":[{"name":"wp","href":"https:\/\/api.w.org\/{rel}","templated":true}]}}