{"id":54866,"date":"2024-02-05T11:31:50","date_gmt":"2024-02-05T10:31:50","guid":{"rendered":"https:\/\/www.vidademadrid.com\/es\/?p=54866"},"modified":"2024-02-05T11:31:53","modified_gmt":"2024-02-05T10:31:53","slug":"gran-fiesta-pelucas-2024-carnaval-madrid-fecha-hora","status":"publish","type":"post","link":"https:\/\/www.vidademadrid.com\/es\/54866\/gran-fiesta-pelucas-2024-carnaval-madrid-fecha-hora\/","title":{"rendered":"Carnaval en Madrid 2024: La Gran Fiesta de las Pelucas con DJs y animaci\u00f3n"},"content":{"rendered":"<p>La\u00a0<strong>Gran Fiesta de las Pelucas\u00a0<\/strong>llega al\u00a0<strong>Carnaval de Madrid\u00a0<\/strong>para disfrutar de la mejor m\u00fasica y diversi\u00f3n mientras luces tu mejor peluca. Te contamos toda la informaci\u00f3n en este art\u00edculo.<\/p>\n<h2>Gran Fiesta de las Pelucas 2024<\/h2>\n<p><script async=\"\" src=\"https:\/\/pagead2.googlesyndication.com\/pagead\/js\/adsbygoogle.js\"><\/script> <ins class=\"adsbygoogle\" style=\"display: block;\" data-ad-format=\"fluid\" data-ad-layout-key=\"-7f+eo+1+2-5\" data-ad-client=\"ca-pub-7450064428034605\" data-ad-slot=\"7327027071\"><\/ins><script>(adsbygoogle = window.adsbygoogle || []).push({});<\/script><\/p>\n<p>El\u00a0<strong>Carnaval de Madrid\u00a0<\/strong>tendr\u00e1 la\u00a0<strong>Gran Fiesta de las Pelucas\u00a0<\/strong>donde las pelucas no ser\u00e1n solo un accesorio sino el epicentro de esta gran celebraci\u00f3n. Solo hay una regla para entrar: <strong>\u00a1lu<\/strong><strong>cir una peluca!<\/strong><\/p>\n<p>En esta fiesta actuar\u00e1n\u00a0<strong>tres reconocidos DJs,<\/strong> El cuerpo del Disco, Oro Jondo y Laura Put, que llenar\u00e1n de energ\u00eda y m\u00fasica la celebraci\u00f3n. Adem\u00e1s, Silvi Mannequeen ser\u00e1 la maestra de ceremonias que animar\u00e1 esta gran fiesta.<\/p>\n<p>Adem\u00e1s, habr\u00e1 un concurso a la peluca m\u00e1s original.<\/p>\n<h3>Dise\u00f1a tu propia peluca<\/h3>\n<p>Adem\u00e1s de la\u00a0<strong>Gran Fiesta de las Pelucas\u00a0<\/strong>estar\u00e1 abierta la\u00a0<strong>f\u00e1brica de pelucas\u00a0<\/strong>ofreciendo la oportunidad a los asistentes de dise\u00f1ar y crear su propia peluca.<\/p>\n<h2>Gran Fiesta de las Pelucas 2024: fecha y hora<\/h2>\n<p><script async=\"\" src=\"https:\/\/pagead2.googlesyndication.com\/pagead\/js\/adsbygoogle.js\"><\/script> <ins class=\"adsbygoogle\" style=\"display: block; text-align: center;\" data-ad-layout=\"in-article\" data-ad-format=\"fluid\" data-ad-client=\"ca-pub-7450064428034605\" data-ad-slot=\"5670045061\"><\/ins> <script>(adsbygoogle = window.adsbygoogle || []).push({});<\/script><\/p>\n<p>La\u00a0<strong>Gran Fiesta de las Pelucas\u00a0<\/strong>ser\u00e1 el\u00a0<strong>10 de febrero de 2024\u00a0<\/strong>en\u00a0<strong>Matadero Madrid\u00a0<\/strong>(Metro Legazpi). El horario ser\u00e1 de <strong>16 a 19 horas.\u00a0<\/strong><\/p>\n<p>El acceso ser\u00e1 libre hasta completar aforo.<\/p>\n","protected":false},"excerpt":{"rendered":"<p>El acceso a la gran fiesta ser\u00e1 gratuito. <\/p>\n","protected":false},"author":15,"featured_media":54869,"comment_status":"open","ping_status":"open","sticky":false,"template":"","format":"standard","meta":{"footnotes":""},"categories":[101],"tags":[],"class_list":{"0":"post-54866","1":"post","2":"type-post","3":"status-publish","4":"format-standard","5":"has-post-thumbnail","7":"category-ferias-fiestas-mercados-madrid"},"_links":{"self":[{"href":"https:\/\/www.vidademadrid.com\/es\/wp-json\/wp\/v2\/posts\/54866","targetHints":{"allow":["GET"]}}],"collection":[{"href":"https:\/\/www.vidademadrid.com\/es\/wp-json\/wp\/v2\/posts"}],"about":[{"href":"https:\/\/www.vidademadrid.com\/es\/wp-json\/wp\/v2\/types\/post"}],"author":[{"embeddable":true,"href":"https:\/\/www.vidademadrid.com\/es\/wp-json\/wp\/v2\/users\/15"}],"replies":[{"embeddable":true,"href":"https:\/\/www.vidademadrid.com\/es\/wp-json\/wp\/v2\/comments?post=54866"}],"version-history":[{"count":1,"href":"https:\/\/www.vidademadrid.com\/es\/wp-json\/wp\/v2\/posts\/54866\/revisions"}],"predecessor-version":[{"id":54871,"href":"https:\/\/www.vidademadrid.com\/es\/wp-json\/wp\/v2\/posts\/54866\/revisions\/54871"}],"wp:featuredmedia":[{"embeddable":true,"href":"https:\/\/www.vidademadrid.com\/es\/wp-json\/wp\/v2\/media\/54869"}],"wp:attachment":[{"href":"https:\/\/www.vidademadrid.com\/es\/wp-json\/wp\/v2\/media?parent=54866"}],"wp:term":[{"taxonomy":"category","embeddable":true,"href":"https:\/\/www.vidademadrid.com\/es\/wp-json\/wp\/v2\/categories?post=54866"},{"taxonomy":"post_tag","embeddable":true,"href":"https:\/\/www.vidademadrid.com\/es\/wp-json\/wp\/v2\/tags?post=54866"}],"curies":[{"name":"wp","href":"https:\/\/api.w.org\/{rel}","templated":true}]}}