{"id":54860,"date":"2024-02-04T11:26:01","date_gmt":"2024-02-04T10:26:01","guid":{"rendered":"https:\/\/www.vidademadrid.com\/es\/?p=54860"},"modified":"2024-02-05T01:12:10","modified_gmt":"2024-02-05T00:12:10","slug":"cierre-linea-12-metrosur-marzo-2024-metro-madrid-fechas-tramo","status":"publish","type":"post","link":"https:\/\/www.vidademadrid.com\/es\/54860\/cierre-linea-12-metrosur-marzo-2024-metro-madrid-fechas-tramo\/","title":{"rendered":"Metro de Madrid cierra un tramo de la L\u00ednea 12 durante 6 meses"},"content":{"rendered":"<p>Metro de Madrid ha anunciado el <strong>cierre temporal de un tramo de la L\u00ednea 12 durante 6 meses<\/strong>, debido a las obras de ampliaci\u00f3n de la L\u00ednea 3 que finalizar\u00e1n este a\u00f1o. Sigue leyendo para conocer todos los detalles.<\/p>\n<h2>Avance de las obras de ampliaci\u00f3n de la L\u00ednea 3<\/h2>\n<p><script async=\"\" src=\"https:\/\/pagead2.googlesyndication.com\/pagead\/js\/adsbygoogle.js\"><\/script> <ins class=\"adsbygoogle\" style=\"display: block; text-align: center;\" data-ad-layout=\"in-article\" data-ad-format=\"fluid\" data-ad-client=\"ca-pub-7450064428034605\" data-ad-slot=\"5670045061\"><\/ins> <script>(adsbygoogle = window.adsbygoogle || []).push({});<\/script><\/p>\n<p>El <strong>1 de marzo<\/strong> de este 2024 comenzar\u00e1 la<strong> fase final de las <a href=\"https:\/\/www.vidademadrid.com\/es\/44719\/prolongacion-linea-3-metro-madrid-getafe-2022\/\">obras de ampliaci\u00f3n de la L\u00ednea 3<\/a><\/strong>, que llegar\u00e1 hasta la estaci\u00f3n de <strong>El Casar<\/strong>, en <strong>Getafe<\/strong>. Actualmente la cabecera de la L\u00ednea 3 est\u00e1 en Villaverde Alto, mientras tras la ampliaci\u00f3n estar\u00e1 en El Casar, conectando as\u00ed con la L\u00ednea 12.<\/p>\n<p>Actualmente ya est\u00e1n construidos 2,23 km de los 2,6 de esta ampliaci\u00f3n que convertir\u00e1 El Casar en <strong>uno de los principales puntos de conexi\u00f3n con el centro de Madrid<\/strong> (l\u00ednea directa de metro a Puerta del Sol).<\/p>\n<h2>Cierre de un tramo de la L\u00ednea 12 &#8211; Metrosur<\/h2>\n<p><script async=\"\" src=\"https:\/\/pagead2.googlesyndication.com\/pagead\/js\/adsbygoogle.js\"><\/script> <ins class=\"adsbygoogle\" style=\"display: block;\" data-ad-format=\"fluid\" data-ad-layout-key=\"-7f+eo+1+2-5\" data-ad-client=\"ca-pub-7450064428034605\" data-ad-slot=\"7327027071\"><\/ins><script>(adsbygoogle = window.adsbygoogle || []).push({});<\/script><\/p>\n<p>La Comunidad de Madrid ha comunicado que, para acometer los trabajos finales, <strong>ser\u00e1 necesario cortar un tramo de la L\u00ednea 12 durante 6 meses<\/strong>. La suspensi\u00f3n del servicio ser\u00e1 en Getafe, <strong>entre las estaciones de Juan de la Cierva y Los Espartales<\/strong>. Estas dos estaciones se convertir\u00e1n as\u00ed en cabeceras provisionales de Metrosur, mientras la estaci\u00f3n <strong>El Casar<\/strong> quedar\u00e1 totalmente cerrada.<\/p>\n<h2>Fechas del cierre de un tramo de la L\u00ednea 12 &#8211; Metrosur<\/h2>\n<p>El cierre del tramo de la L\u00ednea 12 en Getafe, que durar\u00e1 6 meses,<strong> empezar\u00e1 \u00abuna vez arranquen<\/strong><br \/>\n<strong>las obras\u00bb<\/strong>. El comienzo de las obras est\u00e1 actualmente previsto el <strong>1 de marzo<\/strong>.<\/p>\n<p>Habr\u00e1 autobuses gratuitos que cubrir\u00e1n el tramo afectado.<\/p>\n<p><script async=\"\" src=\"https:\/\/pagead2.googlesyndication.com\/pagead\/js\/adsbygoogle.js\"><\/script><\/p>\n<p><!-- Vertical2020 --><ins class=\"adsbygoogle\" style=\"display: block;\" data-ad-client=\"ca-pub-7450064428034605\" data-ad-slot=\"4377430105\" data-ad-format=\"auto\" data-full-width-responsive=\"true\"><\/ins><script>(adsbygoogle = window.adsbygoogle || []).push({});<\/script><\/p>\n","protected":false},"excerpt":{"rendered":"<p>Por la ampliaci\u00f3n de la L\u00ednea 3<\/p>\n","protected":false},"author":5,"featured_media":50694,"comment_status":"open","ping_status":"open","sticky":false,"template":"","format":"standard","meta":{"footnotes":""},"categories":[12,187,119,23],"tags":[],"class_list":{"0":"post-54860","1":"post","2":"type-post","3":"status-publish","4":"format-standard","5":"has-post-thumbnail","7":"category-actualidad-noticias-madrid","8":"category-madrid-hoy","9":"category-portada","10":"category-transportes-huelgas-madrid"},"_links":{"self":[{"href":"https:\/\/www.vidademadrid.com\/es\/wp-json\/wp\/v2\/posts\/54860","targetHints":{"allow":["GET"]}}],"collection":[{"href":"https:\/\/www.vidademadrid.com\/es\/wp-json\/wp\/v2\/posts"}],"about":[{"href":"https:\/\/www.vidademadrid.com\/es\/wp-json\/wp\/v2\/types\/post"}],"author":[{"embeddable":true,"href":"https:\/\/www.vidademadrid.com\/es\/wp-json\/wp\/v2\/users\/5"}],"replies":[{"embeddable":true,"href":"https:\/\/www.vidademadrid.com\/es\/wp-json\/wp\/v2\/comments?post=54860"}],"version-history":[{"count":4,"href":"https:\/\/www.vidademadrid.com\/es\/wp-json\/wp\/v2\/posts\/54860\/revisions"}],"predecessor-version":[{"id":54892,"href":"https:\/\/www.vidademadrid.com\/es\/wp-json\/wp\/v2\/posts\/54860\/revisions\/54892"}],"wp:featuredmedia":[{"embeddable":true,"href":"https:\/\/www.vidademadrid.com\/es\/wp-json\/wp\/v2\/media\/50694"}],"wp:attachment":[{"href":"https:\/\/www.vidademadrid.com\/es\/wp-json\/wp\/v2\/media?parent=54860"}],"wp:term":[{"taxonomy":"category","embeddable":true,"href":"https:\/\/www.vidademadrid.com\/es\/wp-json\/wp\/v2\/categories?post=54860"},{"taxonomy":"post_tag","embeddable":true,"href":"https:\/\/www.vidademadrid.com\/es\/wp-json\/wp\/v2\/tags?post=54860"}],"curies":[{"name":"wp","href":"https:\/\/api.w.org\/{rel}","templated":true}]}}