{"id":54582,"date":"2024-01-15T11:37:46","date_gmt":"2024-01-15T10:37:46","guid":{"rendered":"https:\/\/www.vidademadrid.com\/es\/?p=54582"},"modified":"2024-01-15T11:37:49","modified_gmt":"2024-01-15T10:37:49","slug":"nuevo-hotel-lujo-gran-via-hotel-nomade-2024","status":"publish","type":"post","link":"https:\/\/www.vidademadrid.com\/es\/54582\/nuevo-hotel-lujo-gran-via-hotel-nomade-2024\/","title":{"rendered":"El hotel Iberostar Las Letras de Gran V\u00eda se convertir\u00e1 en un hotel de cinco estrellas"},"content":{"rendered":"<p>La&nbsp;<strong>Gran V\u00eda&nbsp;<\/strong>tendr\u00e1 un nuevo hotel de cinco estrellas. La hotelera de lujo N\u00f4made llegar\u00e1 a Espa\u00f1a y abrir\u00e1 sus puertas en el actual <strong>Iberostar Las Letras.&nbsp;<\/strong>Sigue leyendo este art\u00edculo para conocer toda la informaci\u00f3n.&nbsp;<\/p>\n<h2>Nuevo hotel de lujo en la Gran V\u00eda&nbsp;<\/h2>\n<p><script async=\"\" src=\"https:\/\/pagead2.googlesyndication.com\/pagead\/js\/adsbygoogle.js\"><\/script> <ins class=\"adsbygoogle\" style=\"display:block\" data-ad-format=\"fluid\" data-ad-layout-key=\"-7f+eo+1+2-5\" data-ad-client=\"ca-pub-7450064428034605\" data-ad-slot=\"7327027071\"><\/ins><script>(adsbygoogle = window.adsbygoogle || []).push({});<\/script>La&nbsp;<strong>cadena hotelera N\u00f4made&nbsp;<\/strong>abrir\u00e1 su primer hotel en la <strong>Gran V\u00eda.&nbsp;<\/strong>El actual&nbsp;<strong>Iberostar Las Letras&nbsp;<\/strong>se transformar\u00e1 en este hotel tras la firma de un acuerdo con Millenium Hospitality Real Estate.&nbsp;<\/p>\n<p>El hotel est\u00e1 en el emblem\u00e1tico edificio de&nbsp;<strong>estilo cl\u00e1sico&nbsp;<\/strong>que es una de las joyas arquitect\u00f3nicas de la Gran V\u00eda madrile\u00f1a, espec\u00edficamente en el n\u00famero 11 de esta calle.&nbsp;<\/p>\n<p>El&nbsp;actual&nbsp;<strong>Iberostar Las Letras&nbsp;<\/strong>se convertir\u00e1 en el&nbsp;<strong>Hotel N\u00f4made Madrid&nbsp;<\/strong>y contar\u00e1 con la categor\u00eda de 5 estrellas, 93 habitaciones y amplias zonas comunes que incluyen zona de restauraci\u00f3n, espacios para reuniones y eventos, gimnasio, spa, un &#8216;members club&#8217; y un rooftop.&nbsp;<\/p>\n<h2>Hotel N\u00f4made Madrid<\/h2>\n<p><script async=\"\" src=\"https:\/\/pagead2.googlesyndication.com\/pagead\/js\/adsbygoogle.js\"><\/script> <ins class=\"adsbygoogle\" style=\"display:block; text-align:center;\" data-ad-layout=\"in-article\" data-ad-format=\"fluid\" data-ad-client=\"ca-pub-7450064428034605\" data-ad-slot=\"5670045061\"><\/ins> <script>(adsbygoogle = window.adsbygoogle || []).push({});<\/script>El contrato de arrendamiento ser\u00e1 desde el&nbsp;<strong>pr\u00f3ximo 30 de junio de 2024.&nbsp;<\/strong>A partir de esa fecha, se comenzar\u00e1n trabajos de reposicionamiento y adaptaci\u00f3n de la marca y se espera que concluyan a finales de 2025.&nbsp;<\/p>\n<p>Este contrato tiene una duraci\u00f3n de&nbsp;<strong>20 a\u00f1os.&nbsp;<\/strong><\/p>\n","protected":false},"excerpt":{"rendered":"<p>Contar\u00e1 con 93 habitaciones. <\/p>\n","protected":false},"author":15,"featured_media":54583,"comment_status":"open","ping_status":"open","sticky":false,"template":"","format":"standard","meta":{"footnotes":""},"categories":[12],"tags":[],"class_list":{"0":"post-54582","1":"post","2":"type-post","3":"status-publish","4":"format-standard","5":"has-post-thumbnail","7":"category-actualidad-noticias-madrid"},"_links":{"self":[{"href":"https:\/\/www.vidademadrid.com\/es\/wp-json\/wp\/v2\/posts\/54582","targetHints":{"allow":["GET"]}}],"collection":[{"href":"https:\/\/www.vidademadrid.com\/es\/wp-json\/wp\/v2\/posts"}],"about":[{"href":"https:\/\/www.vidademadrid.com\/es\/wp-json\/wp\/v2\/types\/post"}],"author":[{"embeddable":true,"href":"https:\/\/www.vidademadrid.com\/es\/wp-json\/wp\/v2\/users\/15"}],"replies":[{"embeddable":true,"href":"https:\/\/www.vidademadrid.com\/es\/wp-json\/wp\/v2\/comments?post=54582"}],"version-history":[{"count":1,"href":"https:\/\/www.vidademadrid.com\/es\/wp-json\/wp\/v2\/posts\/54582\/revisions"}],"predecessor-version":[{"id":54584,"href":"https:\/\/www.vidademadrid.com\/es\/wp-json\/wp\/v2\/posts\/54582\/revisions\/54584"}],"wp:featuredmedia":[{"embeddable":true,"href":"https:\/\/www.vidademadrid.com\/es\/wp-json\/wp\/v2\/media\/54583"}],"wp:attachment":[{"href":"https:\/\/www.vidademadrid.com\/es\/wp-json\/wp\/v2\/media?parent=54582"}],"wp:term":[{"taxonomy":"category","embeddable":true,"href":"https:\/\/www.vidademadrid.com\/es\/wp-json\/wp\/v2\/categories?post=54582"},{"taxonomy":"post_tag","embeddable":true,"href":"https:\/\/www.vidademadrid.com\/es\/wp-json\/wp\/v2\/tags?post=54582"}],"curies":[{"name":"wp","href":"https:\/\/api.w.org\/{rel}","templated":true}]}}