{"id":54572,"date":"2024-01-12T13:17:03","date_gmt":"2024-01-12T12:17:03","guid":{"rendered":"https:\/\/www.vidademadrid.com\/es\/?p=54572"},"modified":"2024-01-12T13:17:07","modified_gmt":"2024-01-12T12:17:07","slug":"nuevo-reglamento-vtc-comunidad-madrid-2024","status":"publish","type":"post","link":"https:\/\/www.vidademadrid.com\/es\/54572\/nuevo-reglamento-vtc-comunidad-madrid-2024\/","title":{"rendered":"Nuevo reglamento para Uber, Bolt y Cabify en Madrid"},"content":{"rendered":"<p>La&nbsp;<strong>Comunidad de Madrid&nbsp;<\/strong>ha aprobado el nuevo <strong>reglamento de VTC regional&nbsp;<\/strong>que dar\u00e1&nbsp;<strong>seguridad jur\u00eddica y mayor calidad a los usuarios&nbsp;<\/strong>y establece requisitos m\u00ednimos de idioma y destinos de la regi\u00f3n para los&nbsp;<strong>conductores.<\/strong>&nbsp;<\/p>\n<h2>Nuevo reglamento de VTC en Madrid&nbsp;<\/h2>\n<p><script async=\"\" src=\"https:\/\/pagead2.googlesyndication.com\/pagead\/js\/adsbygoogle.js\"><\/script> <ins class=\"adsbygoogle\" style=\"display:block\" data-ad-format=\"fluid\" data-ad-layout-key=\"-7f+eo+1+2-5\" data-ad-client=\"ca-pub-7450064428034605\" data-ad-slot=\"7327027071\"><\/ins><script>(adsbygoogle = window.adsbygoogle || []).push({});<\/script>El nuevo&nbsp;<strong>reglamento de los Veh\u00edculos de Transporte con Conductor <\/strong>(VTC) de la Comunidad de Madrid, cuya entrada en vigor est\u00e1 prevista para los pr\u00f3ximos d\u00edas, establece los&nbsp;<strong>derechos de los clientes,&nbsp;<\/strong>los&nbsp;<strong>requisitos que deben cumplir los conductores&nbsp;<\/strong>y las condiciones de prestaci\u00f3n de los servicios y el \u00e1mbito de aplicaci\u00f3n de la norma con el fin de dar&nbsp;<strong>seguridad jur\u00eddica a usuarios, empresas y profesionales.&nbsp;<\/strong><\/p>\n<p>Entre las novedades del nuevo reglamento est\u00e1n los&nbsp;<strong>viajes compartidos, veh\u00edculos accesibles, l\u00edneas telef\u00f3nicas gratuitas&nbsp;<\/strong>para atenci\u00f3n a los clientes adaptada para personas con discapacidad y <strong>conocimientos m\u00ednimos del espa\u00f1ol, la regi\u00f3n y los dispositivos de navegaci\u00f3n&nbsp;<\/strong>para los conductores.<\/p>\n<h3>Viajes compartidos<\/h3>\n<p><script async=\"\" src=\"https:\/\/pagead2.googlesyndication.com\/pagead\/js\/adsbygoogle.js\"><\/script> <ins class=\"adsbygoogle\" style=\"display:block; text-align:center;\" data-ad-layout=\"in-article\" data-ad-format=\"fluid\" data-ad-client=\"ca-pub-7450064428034605\" data-ad-slot=\"5670045061\"><\/ins> <script>(adsbygoogle = window.adsbygoogle || []).push({});<\/script>El&nbsp;<strong>nuevo reglamento de VTC&nbsp;<\/strong>aprueba la&nbsp;<strong>modalidad de viajes compartidos&nbsp;<\/strong>que permitir\u00e1 a los usuarios suscribirse por plaza y pago individual y compartir el viaje con otro usuario que realice el mismo recorrido.&nbsp;<\/p>\n<p>Esta alternativa permite al&nbsp;<strong>primer pasajero&nbsp;<\/strong>contratar un trayecto, al que podr\u00e1n sumarse otros para el mismo itinerario o una parte, ya que pueden hacerse paradas intermedias de subida y bajada de clientes, conociendo todos ellos su precio de antemano.&nbsp;<\/p>\n<h3>Veh\u00edculos accesibles<\/h3>\n<p>A partir del 1 de enero de 2025, los nuevos veh\u00edculos que pongan a disposici\u00f3n del p\u00fablico las empresas con diez o m\u00e1s autorizaciones deber\u00e1n estar adaptados para&nbsp;<strong>sillas de ruedas.&nbsp;<\/strong><\/p>\n<p>De cada&nbsp;<strong>10 veh\u00edculos autorizados, uno deber\u00e1 ser accesible&nbsp;<\/strong>para los pasajeros que se trasladen en silla de ruedas.&nbsp;<\/p>\n<h3>Cambios para las empresas&nbsp;<\/h3>\n<p>En cuanto a las empresas, para obtener y mantener sus autorizaciones deber\u00e1n contar, al menos, con un n\u00famero de conductores igual al 75% de permisos en alta. Podr\u00e1n disponer de los coches en r\u00e9gimen de propiedad o mediante&nbsp;<em>renting&nbsp;<\/em>o&nbsp;<em>leasing.&nbsp;<\/em><\/p>\n<p>Las compa\u00f1\u00edas tambi\u00e9n deber\u00e1n tener cubierta su responsabilidad civil por los da\u00f1os que puedan causar a los pasajeros durante el servicio de transporte y estar\u00e1n obligadas a&nbsp;<strong>impartir a sus trabajadores una formaci\u00f3n continua.&nbsp;<\/strong><\/p>\n<h3>L\u00edmite de precios en circunstancias de alta demanda&nbsp;<\/h3>\n<p>En situaciones de alta demanda como&nbsp;<strong>eventos no habituales, conciertos u otros eventos de ocio,&nbsp;<\/strong>el precio no podr\u00e1 superar el 75% de la media del coste ordinario.&nbsp;<\/p>\n<h3>Pruebas de conocimientos de los conductores<\/h3>\n<p>Todos los conductores de VTC deber\u00e1n acreditar la posesi\u00f3n de un&nbsp;<strong>permiso de conducir tipo B&nbsp;<\/strong>con al menos dos a\u00f1os de antig\u00fcedad, no podr\u00e1n tener&nbsp;<strong>antecedentes por delitos sexuales&nbsp;<\/strong>y deber\u00e1n superar un&nbsp;<strong>examen de conocimientos&nbsp;<\/strong>del idioma espa\u00f1ol, el manejo de dispositivos de navegaci\u00f3n, primeros auxilios y&nbsp;<strong>los lugares m\u00e1s importantes de la regi\u00f3n.&nbsp;<\/strong><\/p>\n<p>Los conductores tendr\u00e1n un plazo de&nbsp;<strong>18 meses&nbsp;<\/strong>para realizar esta prueba.&nbsp;<\/p>\n<h3>Antig\u00fcedad de los coches&nbsp;<\/h3>\n<p>Los antiguos no podr\u00e1n tener una antig\u00fcedad superior a la exigida por la legislaci\u00f3n estatal, deber\u00e1n ser retirados cuando hayan cumplido los 10 a\u00f1os a contar desde la primera matriculaci\u00f3n y tendr\u00e1 que estar clasificados con el distintivo de Cero Emisiones o ECO.&nbsp;<\/p>\n","protected":false},"excerpt":{"rendered":"<p>Habr\u00e1 requisitos m\u00ednimos de lenguaje para los conductores, accesibilidad de los veh\u00edculos y m\u00e1s. <\/p>\n","protected":false},"author":15,"featured_media":54573,"comment_status":"open","ping_status":"open","sticky":false,"template":"","format":"standard","meta":{"footnotes":""},"categories":[12,23],"tags":[],"class_list":{"0":"post-54572","1":"post","2":"type-post","3":"status-publish","4":"format-standard","5":"has-post-thumbnail","7":"category-actualidad-noticias-madrid","8":"category-transportes-huelgas-madrid"},"_links":{"self":[{"href":"https:\/\/www.vidademadrid.com\/es\/wp-json\/wp\/v2\/posts\/54572","targetHints":{"allow":["GET"]}}],"collection":[{"href":"https:\/\/www.vidademadrid.com\/es\/wp-json\/wp\/v2\/posts"}],"about":[{"href":"https:\/\/www.vidademadrid.com\/es\/wp-json\/wp\/v2\/types\/post"}],"author":[{"embeddable":true,"href":"https:\/\/www.vidademadrid.com\/es\/wp-json\/wp\/v2\/users\/15"}],"replies":[{"embeddable":true,"href":"https:\/\/www.vidademadrid.com\/es\/wp-json\/wp\/v2\/comments?post=54572"}],"version-history":[{"count":1,"href":"https:\/\/www.vidademadrid.com\/es\/wp-json\/wp\/v2\/posts\/54572\/revisions"}],"predecessor-version":[{"id":54574,"href":"https:\/\/www.vidademadrid.com\/es\/wp-json\/wp\/v2\/posts\/54572\/revisions\/54574"}],"wp:featuredmedia":[{"embeddable":true,"href":"https:\/\/www.vidademadrid.com\/es\/wp-json\/wp\/v2\/media\/54573"}],"wp:attachment":[{"href":"https:\/\/www.vidademadrid.com\/es\/wp-json\/wp\/v2\/media?parent=54572"}],"wp:term":[{"taxonomy":"category","embeddable":true,"href":"https:\/\/www.vidademadrid.com\/es\/wp-json\/wp\/v2\/categories?post=54572"},{"taxonomy":"post_tag","embeddable":true,"href":"https:\/\/www.vidademadrid.com\/es\/wp-json\/wp\/v2\/tags?post=54572"}],"curies":[{"name":"wp","href":"https:\/\/api.w.org\/{rel}","templated":true}]}}