{"id":54524,"date":"2024-01-10T12:01:45","date_gmt":"2024-01-10T11:01:45","guid":{"rendered":"https:\/\/www.vidademadrid.com\/es\/?p=54524"},"modified":"2024-01-10T12:01:49","modified_gmt":"2024-01-10T11:01:49","slug":"obras-reforma-jardines-sabatini-mejora-2024","status":"publish","type":"post","link":"https:\/\/www.vidademadrid.com\/es\/54524\/obras-reforma-jardines-sabatini-mejora-2024\/","title":{"rendered":"Los Jardines de Sabatini tendr\u00e1n obras de mejora este 2024"},"content":{"rendered":"<p>Los&nbsp;<strong>Jardines de Sabatini&nbsp;<\/strong>volver\u00e1n a estar de obras este a\u00f1o. De acuerdo con el&nbsp;<strong>Ayuntamiento de Madrid,&nbsp;<\/strong>estas obras buscar\u00e1n&nbsp;<strong>mejorar el entorno y hacerlo m\u00e1s atractivo para los ciudadanos.&nbsp;<\/strong><\/p>\n<h2>Obras en los Jardines de Sabatini&nbsp;<\/h2>\n<p><script async=\"\" src=\"https:\/\/pagead2.googlesyndication.com\/pagead\/js\/adsbygoogle.js\"><\/script> <ins class=\"adsbygoogle\" style=\"display:block\" data-ad-format=\"fluid\" data-ad-layout-key=\"-7f+eo+1+2-5\" data-ad-client=\"ca-pub-7450064428034605\" data-ad-slot=\"7327027071\"><\/ins><script>(adsbygoogle = window.adsbygoogle || []).push({});<\/script>Los&nbsp;<strong>Jardines de Sabatini&nbsp;<\/strong>tendr\u00e1s obras de mejora para mejorar el entorno y hacerlo m\u00e1s atractivo para los ciudadanos, solucionar las&nbsp;<strong>aver\u00edas de los ascensores&nbsp;<\/strong>que conectan con la cuesta de San Vicente, la iluminaci\u00f3n y el drenaje de los jardines se realizar\u00e1n este 2024.&nbsp;<\/p>\n<p>De acuerdo con el&nbsp;<strong>Ayuntamiento de Madrid,&nbsp;<\/strong>el proyecto est\u00e1 siendo redactado y los trabajos de mejora podr\u00e1n comenzar&nbsp;<strong>a finales de enero de 2024.&nbsp;<\/strong><\/p>\n<h2>Mejoras en los Jardines de Sabatini&nbsp;<\/h2>\n<p><script async=\"\" src=\"https:\/\/pagead2.googlesyndication.com\/pagead\/js\/adsbygoogle.js\"><\/script> <ins class=\"adsbygoogle\" style=\"display:block; text-align:center;\" data-ad-layout=\"in-article\" data-ad-format=\"fluid\" data-ad-client=\"ca-pub-7450064428034605\" data-ad-slot=\"5670045061\"><\/ins> <script>(adsbygoogle = window.adsbygoogle || []).push({});<\/script>Adem\u00e1s de la rehabilitaci\u00f3n del drenaje y la mejora de la evacuaci\u00f3n de aguas de los jardines, dentro del proyecto de las obras de mejora, se agregar\u00e1 un nuevo ascensor que conectar\u00e1 con la calle Ir\u00fan y contar\u00e1 tambi\u00e9n con una <strong>rampa de acceso.&nbsp;<\/strong><\/p>\n","protected":false},"excerpt":{"rendered":"<p>Se buscar\u00e1 mejorar el entorno y hacerlo m\u00e1s atractivo para los ciudadanos. <\/p>\n","protected":false},"author":15,"featured_media":54525,"comment_status":"open","ping_status":"open","sticky":false,"template":"","format":"standard","meta":{"footnotes":""},"categories":[12],"tags":[],"class_list":{"0":"post-54524","1":"post","2":"type-post","3":"status-publish","4":"format-standard","5":"has-post-thumbnail","7":"category-actualidad-noticias-madrid"},"_links":{"self":[{"href":"https:\/\/www.vidademadrid.com\/es\/wp-json\/wp\/v2\/posts\/54524","targetHints":{"allow":["GET"]}}],"collection":[{"href":"https:\/\/www.vidademadrid.com\/es\/wp-json\/wp\/v2\/posts"}],"about":[{"href":"https:\/\/www.vidademadrid.com\/es\/wp-json\/wp\/v2\/types\/post"}],"author":[{"embeddable":true,"href":"https:\/\/www.vidademadrid.com\/es\/wp-json\/wp\/v2\/users\/15"}],"replies":[{"embeddable":true,"href":"https:\/\/www.vidademadrid.com\/es\/wp-json\/wp\/v2\/comments?post=54524"}],"version-history":[{"count":1,"href":"https:\/\/www.vidademadrid.com\/es\/wp-json\/wp\/v2\/posts\/54524\/revisions"}],"predecessor-version":[{"id":54526,"href":"https:\/\/www.vidademadrid.com\/es\/wp-json\/wp\/v2\/posts\/54524\/revisions\/54526"}],"wp:featuredmedia":[{"embeddable":true,"href":"https:\/\/www.vidademadrid.com\/es\/wp-json\/wp\/v2\/media\/54525"}],"wp:attachment":[{"href":"https:\/\/www.vidademadrid.com\/es\/wp-json\/wp\/v2\/media?parent=54524"}],"wp:term":[{"taxonomy":"category","embeddable":true,"href":"https:\/\/www.vidademadrid.com\/es\/wp-json\/wp\/v2\/categories?post=54524"},{"taxonomy":"post_tag","embeddable":true,"href":"https:\/\/www.vidademadrid.com\/es\/wp-json\/wp\/v2\/tags?post=54524"}],"curies":[{"name":"wp","href":"https:\/\/api.w.org\/{rel}","templated":true}]}}