{"id":54506,"date":"2024-01-10T10:30:05","date_gmt":"2024-01-10T09:30:05","guid":{"rendered":"https:\/\/www.vidademadrid.com\/es\/?p=54506"},"modified":"2024-01-10T10:30:09","modified_gmt":"2024-01-10T09:30:09","slug":"exposiciones-temporales-museo-thyssen-bornemisza-2024","status":"publish","type":"post","link":"https:\/\/www.vidademadrid.com\/es\/54506\/exposiciones-temporales-museo-thyssen-bornemisza-2024\/","title":{"rendered":"Estas son las exposiciones temporales del Museo Thyssen-Bornemisza este 2024"},"content":{"rendered":"<p>El&nbsp;<strong>Museo Nacional Thyssen-Bornemisza&nbsp;<\/strong>tendr\u00e1&nbsp;<strong>cuatro exposiciones temporales&nbsp;<\/strong>este 2024. Te contamos toda la informaci\u00f3n en este art\u00edculo.<\/p>\n<h2>Exposiciones temporales en el Museo Thyssen en 2024<\/h2>\n<p><script async=\"\" src=\"https:\/\/pagead2.googlesyndication.com\/pagead\/js\/adsbygoogle.js\"><\/script> <ins class=\"adsbygoogle\" style=\"display:block\" data-ad-format=\"fluid\" data-ad-layout-key=\"-7f+eo+1+2-5\" data-ad-client=\"ca-pub-7450064428034605\" data-ad-slot=\"7327027071\"><\/ins><script>(adsbygoogle = window.adsbygoogle || []).push({});<\/script>Estas ser\u00e1n las exposiciones temporales del&nbsp;<strong>Museo Thyssen-Bornemisza&nbsp;<\/strong>este 2024:<\/p>\n<h3>Noem\u00ed Iglesias Barrios. Love Me Fast.&nbsp;<\/h3>\n<p>La s\u00e9ptima entrega del programa&nbsp;<em>Kora,&nbsp;<\/em>que presenta cada a\u00f1o una muestra concebida desde la perspectiva de g\u00e9nero. Esta edici\u00f3n, gira en torno a la obra de&nbsp;<strong>Noem\u00ed Iglesias Barrios&nbsp;<\/strong>con una veintena de piezas que dialogan con algunos cuadros de las colecciones del museo y est\u00e1n realizadas en medios tan diversos como bronce, cristal, v\u00eddeo, fotograf\u00eda y porcelana.&nbsp;<\/p>\n<p>Se podr\u00e1 visitar del&nbsp;<strong>29 de enero al 28 de abril de 2024.&nbsp;<\/strong><\/p>\n<h3>El realismo \u00edntimo de Isabel Quintanilla&nbsp;<\/h3>\n<p><script async=\"\" src=\"https:\/\/pagead2.googlesyndication.com\/pagead\/js\/adsbygoogle.js\"><\/script> <ins class=\"adsbygoogle\" style=\"display:block; text-align:center;\" data-ad-layout=\"in-article\" data-ad-format=\"fluid\" data-ad-client=\"ca-pub-7450064428034605\" data-ad-slot=\"5670045061\"><\/ins> <script>(adsbygoogle = window.adsbygoogle || []).push({});<\/script>Por primera vez, el museo dedica una exposici\u00f3n monogr\u00e1fica a una artista espa\u00f1ola.&nbsp;<strong>Isabel Quintanilla&nbsp;<\/strong>es una de las figuras fundamentales del realismo contempor\u00e1neo.<\/p>\n<p>A trav\u00e9s de un centenar de obras, muchas de ellas nunca vistas en Espa\u00f1a, los visitantes podr\u00e1n recorrer su obra e intimidad activando sus emociones.&nbsp;<\/p>\n<p>Se podr\u00e1 visitar del&nbsp;<strong>27 de febrero al 2 de junio de 2024.&nbsp;<\/strong><\/p>\n<h3>La mirada descentrada. Arte y colonialismo en las colecciones Thyssen&nbsp;<\/h3>\n<p>Esta exposici\u00f3n se propone desentra\u00f1ar la huella del poder colonial en la iconograf\u00eda de algunas de las obras que pertenecen a las colecciones Thyssen-Bornemisza.&nbsp;<\/p>\n<p>A trav\u00e9s de una selecci\u00f3n de pinturas con historias \u00abinvisibilizadas\u00bb de dominaci\u00f3n racial, cimanorraje y la lucha por los derechos civiles.&nbsp;<\/p>\n<p>Se podr\u00e1 visitar del<strong> 25 de junio al 20 de octubre de 2024.&nbsp;<\/strong><\/p>\n<h3>Gabriele M\u00fcnter, la gran pintora expresionista&nbsp;<\/h3>\n<p>Una de las exposiciones del&nbsp;<strong>Museo Thyssen-Bornemisza&nbsp;<\/strong>estar\u00e1 dedicada a&nbsp;<strong>Gabriele M\u00fcnter,&nbsp;<\/strong>una de las fundadoras de El Jinete Azul, el legendario grupo de artistas expresionistas de M\u00fanich.&nbsp;<\/p>\n<p>A trav\u00e9s de m\u00e1s de un centenar de pinturas, dibujos, grabados y fotograf\u00edas, la exposici\u00f3n propone descubrir a una artista que se rebel\u00f3 a las limitaciones que se cern\u00edan sobre las mujeres en esa \u00e9poca, convirti\u00e9ndose en una de las&nbsp;<strong>figuras sobresalientes del expresionismo alem\u00e1n a comienzos del siglo XX.&nbsp;<\/strong><\/p>\n<p>Se podr\u00e1 visitar del&nbsp;<strong>12 de noviembre de 2024 al 9 de febrero de 2025.&nbsp;<\/strong><\/p>\n","protected":false},"excerpt":{"rendered":"<p>Habr\u00e1 cuatro exposiciones temporales este a\u00f1o. <\/p>\n","protected":false},"author":15,"featured_media":54507,"comment_status":"open","ping_status":"open","sticky":false,"template":"","format":"standard","meta":{"footnotes":""},"categories":[111],"tags":[],"class_list":{"0":"post-54506","1":"post","2":"type-post","3":"status-publish","4":"format-standard","5":"has-post-thumbnail","7":"category-exposiciones-madrid"},"_links":{"self":[{"href":"https:\/\/www.vidademadrid.com\/es\/wp-json\/wp\/v2\/posts\/54506","targetHints":{"allow":["GET"]}}],"collection":[{"href":"https:\/\/www.vidademadrid.com\/es\/wp-json\/wp\/v2\/posts"}],"about":[{"href":"https:\/\/www.vidademadrid.com\/es\/wp-json\/wp\/v2\/types\/post"}],"author":[{"embeddable":true,"href":"https:\/\/www.vidademadrid.com\/es\/wp-json\/wp\/v2\/users\/15"}],"replies":[{"embeddable":true,"href":"https:\/\/www.vidademadrid.com\/es\/wp-json\/wp\/v2\/comments?post=54506"}],"version-history":[{"count":2,"href":"https:\/\/www.vidademadrid.com\/es\/wp-json\/wp\/v2\/posts\/54506\/revisions"}],"predecessor-version":[{"id":54511,"href":"https:\/\/www.vidademadrid.com\/es\/wp-json\/wp\/v2\/posts\/54506\/revisions\/54511"}],"wp:featuredmedia":[{"embeddable":true,"href":"https:\/\/www.vidademadrid.com\/es\/wp-json\/wp\/v2\/media\/54507"}],"wp:attachment":[{"href":"https:\/\/www.vidademadrid.com\/es\/wp-json\/wp\/v2\/media?parent=54506"}],"wp:term":[{"taxonomy":"category","embeddable":true,"href":"https:\/\/www.vidademadrid.com\/es\/wp-json\/wp\/v2\/categories?post=54506"},{"taxonomy":"post_tag","embeddable":true,"href":"https:\/\/www.vidademadrid.com\/es\/wp-json\/wp\/v2\/tags?post=54506"}],"curies":[{"name":"wp","href":"https:\/\/api.w.org\/{rel}","templated":true}]}}