{"id":54414,"date":"2024-01-02T11:04:19","date_gmt":"2024-01-02T10:04:19","guid":{"rendered":"https:\/\/www.vidademadrid.com\/es\/?p=54414"},"modified":"2024-01-07T21:52:31","modified_gmt":"2024-01-07T20:52:31","slug":"arte-naturaleza-exposicion-temporal-caixaforum-2024","status":"publish","type":"post","link":"https:\/\/www.vidademadrid.com\/es\/54414\/arte-naturaleza-exposicion-temporal-caixaforum-2024\/","title":{"rendered":"Visita \u00abArte y naturaleza\u00bb, la nueva exposici\u00f3n del CaixaForum con obras de Dal\u00ed, Picasso, Hausmann, Giacometti y m\u00e1s"},"content":{"rendered":"<p>Una nueva exposici\u00f3n llega al&nbsp;<strong>CaixaForum.&nbsp;<\/strong>Se trata de <strong>\u00abArte y naturaleza\u00bb, <\/strong>que propone un recorrido por el arte del sigo XX e inicios del siglo XXI para explorar las m\u00faltiples crisis de la \u00e9poca.<\/p>\n<h2 class=\"p1\">Exposici\u00f3n \u00abArte y naturaleza\u00bb<span class=\"Apple-converted-space\">&nbsp;<\/span><\/h2>\n<p><script async=\"\" src=\"https:\/\/pagead2.googlesyndication.com\/pagead\/js\/adsbygoogle.js\"><\/script> <ins class=\"adsbygoogle\" style=\"display:block\" data-ad-format=\"fluid\" data-ad-layout-key=\"-7f+eo+1+2-5\" data-ad-client=\"ca-pub-7450064428034605\" data-ad-slot=\"7327027071\"><\/ins><script>(adsbygoogle = window.adsbygoogle || []).push({});<\/script>La nueva exposici\u00f3n del&nbsp;<strong>Caixaforum, \u00abArte y naturaleza\u00bb, <\/strong>propone un recorrido en el que dialogan distintos lenguajes creativos y la naturaleza. A trav\u00e9s de obras de grandes artistas de los siglos XX y XXI como&nbsp;<strong>Dal\u00ed, Picasso, Kandinsky, Mir\u00f3, Hausmann, Paul Klee, Giacometti, Alberto, Alvar Aalto <\/strong>y m\u00e1s.&nbsp;<\/p>\n<p>Esta exposici\u00f3n reconsidera los v\u00ednculos que tenemos con el mundo que nos rodea a trav\u00e9s de las distintas crisis, clim\u00e1tica, ecol\u00f3gica y territorial, que se han vivido en esta \u00e9poca y ponen en peligro a la naturaleza.&nbsp;<\/p>\n<p>En <strong>\u00abArte y naturaleza\u00bb <\/strong>se podr\u00e1n disfrutar de ochenta piezas de la colecci\u00f3n del <strong>Mus\u00e9e National d&#8217;Art Moderne &#8211; Centre d&#8217;Art Georges Pompidou <\/strong>con obras que incluyen pintura, escultura, fotograf\u00eda, dise\u00f1o y arquitectura.<\/p>\n<h2><span class=\"Apple-converted-space\">Visita la exposici\u00f3n<\/span><\/h2>\n<p><script async=\"\" src=\"https:\/\/pagead2.googlesyndication.com\/pagead\/js\/adsbygoogle.js\"><\/script> <ins class=\"adsbygoogle\" style=\"display:block; text-align:center;\" data-ad-layout=\"in-article\" data-ad-format=\"fluid\" data-ad-client=\"ca-pub-7450064428034605\" data-ad-slot=\"5670045061\"><\/ins> <script>(adsbygoogle = window.adsbygoogle || []).push({});<\/script>Se podr\u00e1 disfrutar <strong>\u00abArte y naturaleza\u00bb <\/strong>del <strong>19 de febrero al 9 de junio de 2024. <\/strong>Las entradas estar\u00e1n disponibles pr\u00f3ximamente. <span class=\"Apple-converted-space\">&nbsp;<\/span><\/p>\n<p>&nbsp;<\/p>\n","protected":false},"excerpt":{"rendered":"<p>Se podr\u00e1 visitar hasta el 9 de junio de 2024. <\/p>\n","protected":false},"author":15,"featured_media":54415,"comment_status":"open","ping_status":"open","sticky":false,"template":"","format":"standard","meta":{"footnotes":""},"categories":[111,115],"tags":[],"class_list":{"0":"post-54414","1":"post","2":"type-post","3":"status-publish","4":"format-standard","5":"has-post-thumbnail","7":"category-exposiciones-madrid","8":"category-planes-del-momento-madrid"},"_links":{"self":[{"href":"https:\/\/www.vidademadrid.com\/es\/wp-json\/wp\/v2\/posts\/54414","targetHints":{"allow":["GET"]}}],"collection":[{"href":"https:\/\/www.vidademadrid.com\/es\/wp-json\/wp\/v2\/posts"}],"about":[{"href":"https:\/\/www.vidademadrid.com\/es\/wp-json\/wp\/v2\/types\/post"}],"author":[{"embeddable":true,"href":"https:\/\/www.vidademadrid.com\/es\/wp-json\/wp\/v2\/users\/15"}],"replies":[{"embeddable":true,"href":"https:\/\/www.vidademadrid.com\/es\/wp-json\/wp\/v2\/comments?post=54414"}],"version-history":[{"count":2,"href":"https:\/\/www.vidademadrid.com\/es\/wp-json\/wp\/v2\/posts\/54414\/revisions"}],"predecessor-version":[{"id":54417,"href":"https:\/\/www.vidademadrid.com\/es\/wp-json\/wp\/v2\/posts\/54414\/revisions\/54417"}],"wp:featuredmedia":[{"embeddable":true,"href":"https:\/\/www.vidademadrid.com\/es\/wp-json\/wp\/v2\/media\/54415"}],"wp:attachment":[{"href":"https:\/\/www.vidademadrid.com\/es\/wp-json\/wp\/v2\/media?parent=54414"}],"wp:term":[{"taxonomy":"category","embeddable":true,"href":"https:\/\/www.vidademadrid.com\/es\/wp-json\/wp\/v2\/categories?post=54414"},{"taxonomy":"post_tag","embeddable":true,"href":"https:\/\/www.vidademadrid.com\/es\/wp-json\/wp\/v2\/tags?post=54414"}],"curies":[{"name":"wp","href":"https:\/\/api.w.org\/{rel}","templated":true}]}}