{"id":54364,"date":"2023-12-28T11:12:02","date_gmt":"2023-12-28T10:12:02","guid":{"rendered":"https:\/\/www.vidademadrid.com\/es\/?p=54364"},"modified":"2023-12-28T11:12:18","modified_gmt":"2023-12-28T10:12:18","slug":"mercado-mostenses-obras-remodelacion-2024","status":"publish","type":"post","link":"https:\/\/www.vidademadrid.com\/es\/54364\/mercado-mostenses-obras-remodelacion-2024\/","title":{"rendered":"As\u00ed ha quedado el Mercado de Mostenses tras las obras de remodelaci\u00f3n"},"content":{"rendered":"<p>Las obras en el\u00a0<strong>Mercado de los Mostenses\u00a0<\/strong>han finalizado. Estas obras han permitido aumentar el espacio para los peatones y garantizar la accesibilidad. Adem\u00e1s se ha renovado el mobiliario urbano. Sigue leyendo este art\u00edculo para conocer toda la informaci\u00f3n.<\/p>\n<h2>Remodelaci\u00f3n Mercado de los Mostenses<\/h2>\n<p><script async=\"\" src=\"https:\/\/pagead2.googlesyndication.com\/pagead\/js\/adsbygoogle.js\"><\/script> <ins class=\"adsbygoogle\" style=\"display: block;\" data-ad-format=\"fluid\" data-ad-layout-key=\"-7f+eo+1+2-5\" data-ad-client=\"ca-pub-7450064428034605\" data-ad-slot=\"7327027071\"><\/ins><script>(adsbygoogle = window.adsbygoogle || []).push({});<\/script><\/p>\n<p>El entorno del\u00a0<strong>Mercado de los Mostenses\u00a0<\/strong>ha sido completamente remodelado tras las obras llevadas a cabo en esta zona que incluye la plaza donde se encuentra el mercado y las calles de Antonio Grilo, General Mitre, Garc\u00eda Molinas, San Ignacio de Loyola, Maestro Guerrero, la traves\u00eda de las Beatas y la de la Parada.<\/p>\n<p>El objetivo de esta actuaci\u00f3n ha sido la recuperaci\u00f3n de la mayor cantidad de espacio p\u00fablico para el peat\u00f3n, en especial en los frentes este y sur del mercado y su conexi\u00f3n con la\u00a0<strong>Gran V\u00eda.\u00a0<\/strong><\/p>\n<p>Adem\u00e1s, se ha renovado el pavimennto y el mobiliario urbano, que cuenta con <strong>p\u00e9rgolas estancias vegatales y juegos infantiles\u00a0<\/strong>as\u00ed como 55 nuevos \u00e1rboles.<\/p>\n<h2>As\u00ed ha quedado el Mercado de los Mostenses tras las obras: fotos<\/h2>\n<p><script async=\"\" src=\"https:\/\/pagead2.googlesyndication.com\/pagead\/js\/adsbygoogle.js\"><\/script> <ins class=\"adsbygoogle\" style=\"display: block; text-align: center;\" data-ad-layout=\"in-article\" data-ad-format=\"fluid\" data-ad-client=\"ca-pub-7450064428034605\" data-ad-slot=\"5670045061\"><\/ins> <script>(adsbygoogle = window.adsbygoogle || []).push({});<\/script><\/p>\n<p>El\u00a0<strong>Mercado de Mostenses\u00a0<\/strong>ha quedado as\u00ed tras las obras de remodelaci\u00f3n:<\/p>\n<div id='gallery-1' class='gallery galleryid-54364 gallery-columns-3 gallery-size-full'><figure class='gallery-item'>\n\t\t\t<div class='gallery-icon landscape'>\n\t\t\t\t<a href='https:\/\/www.vidademadrid.com\/es\/54364\/mercado-mostenses-obras-remodelacion-2024\/57a9878-1500x1000\/'><img loading=\"lazy\" decoding=\"async\" width=\"1500\" height=\"1000\" src=\"https:\/\/www.vidademadrid.com\/es\/wp-content\/uploads\/2023\/12\/57A9878-1500x1000-1.jpeg\" class=\"attachment-full size-full\" alt=\"\" aria-describedby=\"gallery-1-54369\" srcset=\"https:\/\/www.vidademadrid.com\/es\/wp-content\/uploads\/2023\/12\/57A9878-1500x1000-1.jpeg 1500w, https:\/\/www.vidademadrid.com\/es\/wp-content\/uploads\/2023\/12\/57A9878-1500x1000-1-300x200.jpeg 300w, https:\/\/www.vidademadrid.com\/es\/wp-content\/uploads\/2023\/12\/57A9878-1500x1000-1-1024x683.jpeg 1024w, https:\/\/www.vidademadrid.com\/es\/wp-content\/uploads\/2023\/12\/57A9878-1500x1000-1-768x512.jpeg 768w, https:\/\/www.vidademadrid.com\/es\/wp-content\/uploads\/2023\/12\/57A9878-1500x1000-1-696x464.jpeg 696w, https:\/\/www.vidademadrid.com\/es\/wp-content\/uploads\/2023\/12\/57A9878-1500x1000-1-1068x712.jpeg 1068w, https:\/\/www.vidademadrid.com\/es\/wp-content\/uploads\/2023\/12\/57A9878-1500x1000-1-630x420.jpeg 630w\" sizes=\"auto, (max-width: 1500px) 100vw, 1500px\" \/><\/a>\n\t\t\t<\/div>\n\t\t\t\t<figcaption class='wp-caption-text gallery-caption' id='gallery-1-54369'>\n\t\t\t\tFoto: Ayuntamiento de Madrid\n\t\t\t\t<\/figcaption><\/figure><figure class='gallery-item'>\n\t\t\t<div class='gallery-icon landscape'>\n\t\t\t\t<a href='https:\/\/www.vidademadrid.com\/es\/54364\/mercado-mostenses-obras-remodelacion-2024\/57a9874-1500x1000\/'><img loading=\"lazy\" decoding=\"async\" width=\"1500\" height=\"1000\" src=\"https:\/\/www.vidademadrid.com\/es\/wp-content\/uploads\/2023\/12\/57A9874-1500x1000-1.jpeg\" class=\"attachment-full size-full\" alt=\"\" aria-describedby=\"gallery-1-54367\" srcset=\"https:\/\/www.vidademadrid.com\/es\/wp-content\/uploads\/2023\/12\/57A9874-1500x1000-1.jpeg 1500w, https:\/\/www.vidademadrid.com\/es\/wp-content\/uploads\/2023\/12\/57A9874-1500x1000-1-300x200.jpeg 300w, https:\/\/www.vidademadrid.com\/es\/wp-content\/uploads\/2023\/12\/57A9874-1500x1000-1-1024x683.jpeg 1024w, https:\/\/www.vidademadrid.com\/es\/wp-content\/uploads\/2023\/12\/57A9874-1500x1000-1-768x512.jpeg 768w, https:\/\/www.vidademadrid.com\/es\/wp-content\/uploads\/2023\/12\/57A9874-1500x1000-1-696x464.jpeg 696w, https:\/\/www.vidademadrid.com\/es\/wp-content\/uploads\/2023\/12\/57A9874-1500x1000-1-1068x712.jpeg 1068w, https:\/\/www.vidademadrid.com\/es\/wp-content\/uploads\/2023\/12\/57A9874-1500x1000-1-630x420.jpeg 630w\" sizes=\"auto, (max-width: 1500px) 100vw, 1500px\" \/><\/a>\n\t\t\t<\/div>\n\t\t\t\t<figcaption class='wp-caption-text gallery-caption' id='gallery-1-54367'>\n\t\t\t\tFoto: Ayuntamiento de Madrid\n\t\t\t\t<\/figcaption><\/figure><figure class='gallery-item'>\n\t\t\t<div class='gallery-icon landscape'>\n\t\t\t\t<a href='https:\/\/www.vidademadrid.com\/es\/54364\/mercado-mostenses-obras-remodelacion-2024\/57a0201-1500x1000\/'><img loading=\"lazy\" decoding=\"async\" width=\"1500\" height=\"1000\" src=\"https:\/\/www.vidademadrid.com\/es\/wp-content\/uploads\/2023\/12\/57A0201-1500x1000-1.jpeg\" class=\"attachment-full size-full\" alt=\"\" aria-describedby=\"gallery-1-54366\" srcset=\"https:\/\/www.vidademadrid.com\/es\/wp-content\/uploads\/2023\/12\/57A0201-1500x1000-1.jpeg 1500w, https:\/\/www.vidademadrid.com\/es\/wp-content\/uploads\/2023\/12\/57A0201-1500x1000-1-300x200.jpeg 300w, https:\/\/www.vidademadrid.com\/es\/wp-content\/uploads\/2023\/12\/57A0201-1500x1000-1-1024x683.jpeg 1024w, https:\/\/www.vidademadrid.com\/es\/wp-content\/uploads\/2023\/12\/57A0201-1500x1000-1-768x512.jpeg 768w, https:\/\/www.vidademadrid.com\/es\/wp-content\/uploads\/2023\/12\/57A0201-1500x1000-1-696x464.jpeg 696w, https:\/\/www.vidademadrid.com\/es\/wp-content\/uploads\/2023\/12\/57A0201-1500x1000-1-1068x712.jpeg 1068w, https:\/\/www.vidademadrid.com\/es\/wp-content\/uploads\/2023\/12\/57A0201-1500x1000-1-630x420.jpeg 630w\" sizes=\"auto, (max-width: 1500px) 100vw, 1500px\" \/><\/a>\n\t\t\t<\/div>\n\t\t\t\t<figcaption class='wp-caption-text gallery-caption' id='gallery-1-54366'>\n\t\t\t\tFoto: Ayuntamiento de Madrid\n\t\t\t\t<\/figcaption><\/figure><figure class='gallery-item'>\n\t\t\t<div class='gallery-icon landscape'>\n\t\t\t\t<a href='https:\/\/www.vidademadrid.com\/es\/54364\/mercado-mostenses-obras-remodelacion-2024\/57a9893-1500x1000\/'><img loading=\"lazy\" decoding=\"async\" width=\"1500\" height=\"1000\" src=\"https:\/\/www.vidademadrid.com\/es\/wp-content\/uploads\/2023\/12\/57A9893-1500x1000-1.jpeg\" class=\"attachment-full size-full\" alt=\"\" aria-describedby=\"gallery-1-54368\" srcset=\"https:\/\/www.vidademadrid.com\/es\/wp-content\/uploads\/2023\/12\/57A9893-1500x1000-1.jpeg 1500w, https:\/\/www.vidademadrid.com\/es\/wp-content\/uploads\/2023\/12\/57A9893-1500x1000-1-300x200.jpeg 300w, https:\/\/www.vidademadrid.com\/es\/wp-content\/uploads\/2023\/12\/57A9893-1500x1000-1-1024x683.jpeg 1024w, https:\/\/www.vidademadrid.com\/es\/wp-content\/uploads\/2023\/12\/57A9893-1500x1000-1-768x512.jpeg 768w, https:\/\/www.vidademadrid.com\/es\/wp-content\/uploads\/2023\/12\/57A9893-1500x1000-1-696x464.jpeg 696w, https:\/\/www.vidademadrid.com\/es\/wp-content\/uploads\/2023\/12\/57A9893-1500x1000-1-1068x712.jpeg 1068w, https:\/\/www.vidademadrid.com\/es\/wp-content\/uploads\/2023\/12\/57A9893-1500x1000-1-630x420.jpeg 630w\" sizes=\"auto, (max-width: 1500px) 100vw, 1500px\" \/><\/a>\n\t\t\t<\/div>\n\t\t\t\t<figcaption class='wp-caption-text gallery-caption' id='gallery-1-54368'>\n\t\t\t\tFoto: Ayuntamiento de Madrid\n\t\t\t\t<\/figcaption><\/figure>\n\t\t<\/div>\n\n","protected":false},"excerpt":{"rendered":"<p>Se ha renovado el mobiliario urbano, que cuenta con p\u00e9rgolas estanciales y juegos infantiles.<\/p>\n","protected":false},"author":15,"featured_media":54365,"comment_status":"open","ping_status":"open","sticky":false,"template":"","format":"standard","meta":{"footnotes":""},"categories":[12],"tags":[],"class_list":{"0":"post-54364","1":"post","2":"type-post","3":"status-publish","4":"format-standard","5":"has-post-thumbnail","7":"category-actualidad-noticias-madrid"},"_links":{"self":[{"href":"https:\/\/www.vidademadrid.com\/es\/wp-json\/wp\/v2\/posts\/54364","targetHints":{"allow":["GET"]}}],"collection":[{"href":"https:\/\/www.vidademadrid.com\/es\/wp-json\/wp\/v2\/posts"}],"about":[{"href":"https:\/\/www.vidademadrid.com\/es\/wp-json\/wp\/v2\/types\/post"}],"author":[{"embeddable":true,"href":"https:\/\/www.vidademadrid.com\/es\/wp-json\/wp\/v2\/users\/15"}],"replies":[{"embeddable":true,"href":"https:\/\/www.vidademadrid.com\/es\/wp-json\/wp\/v2\/comments?post=54364"}],"version-history":[{"count":1,"href":"https:\/\/www.vidademadrid.com\/es\/wp-json\/wp\/v2\/posts\/54364\/revisions"}],"predecessor-version":[{"id":54370,"href":"https:\/\/www.vidademadrid.com\/es\/wp-json\/wp\/v2\/posts\/54364\/revisions\/54370"}],"wp:featuredmedia":[{"embeddable":true,"href":"https:\/\/www.vidademadrid.com\/es\/wp-json\/wp\/v2\/media\/54365"}],"wp:attachment":[{"href":"https:\/\/www.vidademadrid.com\/es\/wp-json\/wp\/v2\/media?parent=54364"}],"wp:term":[{"taxonomy":"category","embeddable":true,"href":"https:\/\/www.vidademadrid.com\/es\/wp-json\/wp\/v2\/categories?post=54364"},{"taxonomy":"post_tag","embeddable":true,"href":"https:\/\/www.vidademadrid.com\/es\/wp-json\/wp\/v2\/tags?post=54364"}],"curies":[{"name":"wp","href":"https:\/\/api.w.org\/{rel}","templated":true}]}}