{"id":54321,"date":"2023-12-26T11:45:02","date_gmt":"2023-12-26T10:45:02","guid":{"rendered":"https:\/\/www.vidademadrid.com\/es\/?p=54321"},"modified":"2023-12-26T11:45:04","modified_gmt":"2023-12-26T10:45:04","slug":"musica-balcones-plaza-mayor-plaza-villa-conciertos-2023","status":"publish","type":"post","link":"https:\/\/www.vidademadrid.com\/es\/54321\/musica-balcones-plaza-mayor-plaza-villa-conciertos-2023\/","title":{"rendered":"La m\u00fasica se asomar\u00e1 por los balcones de la Plaza Mayor y la Plaza de la Villa estas navidades"},"content":{"rendered":"<p>El esp\u00edritu navide\u00f1o ha llenado&nbsp;<strong>Madrid&nbsp;<\/strong>de luces, m\u00fasica y eventos para todos los p\u00fablicos. Una de las propuestas de este a\u00f1o son la&nbsp;<strong>m\u00fasica en los balcones,&nbsp;<\/strong>una serie de conciertos en los que la m\u00fasica se asomar\u00e1 desde los balcones de la&nbsp;<strong>Plaza Mayor y la Plaza de la Villa.<\/strong><\/p>\n<h2>M\u00fasica en los balcones: conciertos de Navidad&nbsp;<\/h2>\n<p><script async=\"\" src=\"https:\/\/pagead2.googlesyndication.com\/pagead\/js\/adsbygoogle.js\"><\/script> <ins class=\"adsbygoogle\" style=\"display:block\" data-ad-format=\"fluid\" data-ad-layout-key=\"-7f+eo+1+2-5\" data-ad-client=\"ca-pub-7450064428034605\" data-ad-slot=\"7327027071\"><\/ins><script>(adsbygoogle = window.adsbygoogle || []).push({});<\/script>En la&nbsp;<strong>Plaza Mayor&nbsp;<\/strong>y la&nbsp;<strong>Casa de la Villa&nbsp;<\/strong>se podr\u00e1n disfrutar de conciertos desde los balcones con actuaciones de el <strong>Coro de J\u00f3venes de Madrid, las Gospel Ladies&nbsp;<\/strong>y el cantante madrile\u00f1o&nbsp;<strong>Roni Di Capo.&nbsp;<\/strong><\/p>\n<h2>M\u00fasica en los balcones: programa<\/h2>\n<p><script async=\"\" src=\"https:\/\/pagead2.googlesyndication.com\/pagead\/js\/adsbygoogle.js\"><\/script> <ins class=\"adsbygoogle\" style=\"display:block; text-align:center;\" data-ad-layout=\"in-article\" data-ad-format=\"fluid\" data-ad-client=\"ca-pub-7450064428034605\" data-ad-slot=\"5670045061\"><\/ins> <script>(adsbygoogle = window.adsbygoogle || []).push({});<\/script>Los conciertos de&nbsp;<strong>M\u00fasica en los balcones&nbsp;<\/strong>se podr\u00e1n disfrutar del&nbsp;<strong>26 al 28 de diciembre de 2024.&nbsp;<\/strong>El programa es el siguiente:<\/p>\n<ul>\n<li><strong>26 de diciembre:&nbsp;<\/strong>El Coro de J\u00f3venes de Madrid dar\u00e1 un concierto en el balc\u00f3n de la Casa de la Panader\u00eda (Plaza Mayor)&nbsp;<\/li>\n<li><strong>27 de diciembre:&nbsp;<\/strong>Las Gospel Ladies se presentar\u00e1n en el balc\u00f3n de la Casa de la Villa (Plaza de la Villa)<\/li>\n<li><strong>28 de diciembre:&nbsp;<\/strong>Roni di Capo se presentar\u00e1 en los balcones de la Casa de la Villa (Plaza de la Villa)&nbsp;<\/li>\n<\/ul>\n<p>Los conciertos son gratuitos y comenzar\u00e1n a las&nbsp;<strong>20 horas.&nbsp;<\/strong><\/p>\n","protected":false},"excerpt":{"rendered":"<p>Se podr\u00e1 disfrutar durante tres d\u00edas. <\/p>\n","protected":false},"author":15,"featured_media":54322,"comment_status":"open","ping_status":"open","sticky":false,"template":"","format":"standard","meta":{"footnotes":""},"categories":[111,119],"tags":[],"class_list":{"0":"post-54321","1":"post","2":"type-post","3":"status-publish","4":"format-standard","5":"has-post-thumbnail","7":"category-exposiciones-madrid","8":"category-portada"},"_links":{"self":[{"href":"https:\/\/www.vidademadrid.com\/es\/wp-json\/wp\/v2\/posts\/54321","targetHints":{"allow":["GET"]}}],"collection":[{"href":"https:\/\/www.vidademadrid.com\/es\/wp-json\/wp\/v2\/posts"}],"about":[{"href":"https:\/\/www.vidademadrid.com\/es\/wp-json\/wp\/v2\/types\/post"}],"author":[{"embeddable":true,"href":"https:\/\/www.vidademadrid.com\/es\/wp-json\/wp\/v2\/users\/15"}],"replies":[{"embeddable":true,"href":"https:\/\/www.vidademadrid.com\/es\/wp-json\/wp\/v2\/comments?post=54321"}],"version-history":[{"count":2,"href":"https:\/\/www.vidademadrid.com\/es\/wp-json\/wp\/v2\/posts\/54321\/revisions"}],"predecessor-version":[{"id":54324,"href":"https:\/\/www.vidademadrid.com\/es\/wp-json\/wp\/v2\/posts\/54321\/revisions\/54324"}],"wp:featuredmedia":[{"embeddable":true,"href":"https:\/\/www.vidademadrid.com\/es\/wp-json\/wp\/v2\/media\/54322"}],"wp:attachment":[{"href":"https:\/\/www.vidademadrid.com\/es\/wp-json\/wp\/v2\/media?parent=54321"}],"wp:term":[{"taxonomy":"category","embeddable":true,"href":"https:\/\/www.vidademadrid.com\/es\/wp-json\/wp\/v2\/categories?post=54321"},{"taxonomy":"post_tag","embeddable":true,"href":"https:\/\/www.vidademadrid.com\/es\/wp-json\/wp\/v2\/tags?post=54321"}],"curies":[{"name":"wp","href":"https:\/\/api.w.org\/{rel}","templated":true}]}}