{"id":54294,"date":"2023-12-22T10:53:20","date_gmt":"2023-12-22T09:53:20","guid":{"rendered":"https:\/\/www.vidademadrid.com\/es\/?p=54294"},"modified":"2023-12-22T21:59:54","modified_gmt":"2023-12-22T20:59:54","slug":"preuvas-2023-puerta-del-sol","status":"publish","type":"post","link":"https:\/\/www.vidademadrid.com\/es\/54294\/preuvas-2023-puerta-del-sol\/","title":{"rendered":"As\u00ed ser\u00e1n las Pre\u00favas del 30 de diciembre de 2023 en la Puerta del Sol"},"content":{"rendered":"<p>La\u00a0<strong>Puerta del Sol<\/strong> ser\u00e1 un a\u00f1o m\u00e1s el escenario para recibir el A\u00f1o Nuevo 2024. Este\u00a0<strong>30 de diciembre\u00a0<\/strong>ser\u00e1n las <strong>Pre\u00favas<\/strong> en la plaza. Te contamos toda la informaci\u00f3n en este art\u00edculo.<\/p>\n<h2>Pre\u00favas en la Puerta del Sol 2023<\/h2>\n<p><script async=\"\" src=\"https:\/\/pagead2.googlesyndication.com\/pagead\/js\/adsbygoogle.js\"><\/script> <ins class=\"adsbygoogle\" style=\"display: block;\" data-ad-format=\"fluid\" data-ad-layout-key=\"-7f+eo+1+2-5\" data-ad-client=\"ca-pub-7450064428034605\" data-ad-slot=\"7327027071\"><\/ins><script>(adsbygoogle = window.adsbygoogle || []).push({});<\/script>Como todos los a\u00f1os, la\u00a0<strong>Puerta del Sol\u00a0<\/strong>ser\u00e1 el punto de reuni\u00f3n para celebrar las pre\u00favas <strong>2023.\u00a0<\/strong>Es decir, el ensayo de lo que suceder\u00e1 en esa misma plaza el 31 de diciembre.<\/p>\n<p>Una de las novedades de este a\u00f1o es el\u00a0<strong>aumento del aforo\u00a0<\/strong>de las pre\u00favas. Podr\u00e1n asistir hasta <strong>15 mil personas,\u00a0<\/strong>es decir, el doble que el a\u00f1o pasado cuando la\u00a0<strong>Puerta del Sol\u00a0<\/strong>estaba en obras de remodelaci\u00f3n.<\/p>\n<p>Ese d\u00eda, los asistentes acuden a la plaza como si fuese Nochevieja y comienzan la cuenta atr\u00e1s a las\u00a0<strong>12 de la noche.\u00a0<\/strong><\/p>\n<h2>Pre\u00favas 2023 en la Puerta del Sol: horario<\/h2>\n<p><script async=\"\" src=\"https:\/\/pagead2.googlesyndication.com\/pagead\/js\/adsbygoogle.js\"><\/script> <ins class=\"adsbygoogle\" style=\"display: block; text-align: center;\" data-ad-layout=\"in-article\" data-ad-format=\"fluid\" data-ad-client=\"ca-pub-7450064428034605\" data-ad-slot=\"5670045061\"><\/ins> <script>(adsbygoogle = window.adsbygoogle || []).push({});<\/script>El\u00a0<strong>30 de diciembre de 2023\u00a0<\/strong>a las\u00a0<strong>21 horas\u00a0<\/strong>se vaciar\u00e1 la\u00a0<strong>Puerta del Sol.\u00a0<\/strong>Una vez desalojada e inspeccionada por los efectivos policiales, se permitir\u00e1 el acceso por las calles\u00a0<strong>Alcal\u00e1, Mayor, Arenal\u00a0<\/strong>y la\u00a0<strong>Carrera de San Jer\u00f3nimo.\u00a0<\/strong><\/p>\n<p>A partir de las\u00a0<strong>18 horas\u00a0<\/strong>no se permitir\u00e1 el acceso ni la salida de usuarios por la estaci\u00f3n de Sol, aunque si se podr\u00e1 circular por el interior de la misma.<\/p>\n","protected":false},"excerpt":{"rendered":"<p>El aforo ha aumentado este a\u00f1o. <\/p>\n","protected":false},"author":15,"featured_media":54296,"comment_status":"open","ping_status":"open","sticky":false,"template":"","format":"standard","meta":{"footnotes":""},"categories":[101,115],"tags":[],"class_list":{"0":"post-54294","1":"post","2":"type-post","3":"status-publish","4":"format-standard","5":"has-post-thumbnail","7":"category-ferias-fiestas-mercados-madrid","8":"category-planes-del-momento-madrid"},"_links":{"self":[{"href":"https:\/\/www.vidademadrid.com\/es\/wp-json\/wp\/v2\/posts\/54294","targetHints":{"allow":["GET"]}}],"collection":[{"href":"https:\/\/www.vidademadrid.com\/es\/wp-json\/wp\/v2\/posts"}],"about":[{"href":"https:\/\/www.vidademadrid.com\/es\/wp-json\/wp\/v2\/types\/post"}],"author":[{"embeddable":true,"href":"https:\/\/www.vidademadrid.com\/es\/wp-json\/wp\/v2\/users\/15"}],"replies":[{"embeddable":true,"href":"https:\/\/www.vidademadrid.com\/es\/wp-json\/wp\/v2\/comments?post=54294"}],"version-history":[{"count":2,"href":"https:\/\/www.vidademadrid.com\/es\/wp-json\/wp\/v2\/posts\/54294\/revisions"}],"predecessor-version":[{"id":54311,"href":"https:\/\/www.vidademadrid.com\/es\/wp-json\/wp\/v2\/posts\/54294\/revisions\/54311"}],"wp:featuredmedia":[{"embeddable":true,"href":"https:\/\/www.vidademadrid.com\/es\/wp-json\/wp\/v2\/media\/54296"}],"wp:attachment":[{"href":"https:\/\/www.vidademadrid.com\/es\/wp-json\/wp\/v2\/media?parent=54294"}],"wp:term":[{"taxonomy":"category","embeddable":true,"href":"https:\/\/www.vidademadrid.com\/es\/wp-json\/wp\/v2\/categories?post=54294"},{"taxonomy":"post_tag","embeddable":true,"href":"https:\/\/www.vidademadrid.com\/es\/wp-json\/wp\/v2\/tags?post=54294"}],"curies":[{"name":"wp","href":"https:\/\/api.w.org\/{rel}","templated":true}]}}