{"id":54288,"date":"2023-12-22T10:23:43","date_gmt":"2023-12-22T09:23:43","guid":{"rendered":"https:\/\/www.vidademadrid.com\/es\/?p=54288"},"modified":"2023-12-22T10:23:46","modified_gmt":"2023-12-22T09:23:46","slug":"horario-metro-madrid-nochebuena-navidad-2023","status":"publish","type":"post","link":"https:\/\/www.vidademadrid.com\/es\/54288\/horario-metro-madrid-nochebuena-navidad-2023\/","title":{"rendered":"Horario Metro de Madrid: Nochebuena y Navidad 2023"},"content":{"rendered":"<p>Los horarios de&nbsp;<strong>Metro de Madrid&nbsp;<\/strong>se ver\u00e1n alterados esta&nbsp;<strong>Nochebuena y Navidad 2023.&nbsp;<\/strong>Conoce toda la informaci\u00f3n en este art\u00edculo.&nbsp;<\/p>\n<h2>Horario Metro de Madrid Nochebuena 2023<\/h2>\n<p><script async=\"\" src=\"https:\/\/pagead2.googlesyndication.com\/pagead\/js\/adsbygoogle.js\"><\/script> <ins class=\"adsbygoogle\" style=\"display:block\" data-ad-format=\"fluid\" data-ad-layout-key=\"-7f+eo+1+2-5\" data-ad-client=\"ca-pub-7450064428034605\" data-ad-slot=\"7327027071\"><\/ins><script>(adsbygoogle = window.adsbygoogle || []).push({});<\/script><strong>Metro de Madrid&nbsp;<\/strong>adelantar\u00e1 el cierre en&nbsp;<strong>Nochebuena&nbsp;<\/strong>a las&nbsp;<strong>22 horas,&nbsp;<\/strong>el acceso a viajeros finalizar\u00e1 a las 21.30 horas.&nbsp;<\/p>\n<h2>Horario Metro de Madrid Navidad 2023&nbsp;<\/h2>\n<p><script async=\"\" src=\"https:\/\/pagead2.googlesyndication.com\/pagead\/js\/adsbygoogle.js\"><\/script> <ins class=\"adsbygoogle\" style=\"display:block; text-align:center;\" data-ad-layout=\"in-article\" data-ad-format=\"fluid\" data-ad-client=\"ca-pub-7450064428034605\" data-ad-slot=\"5670045061\"><\/ins> <script>(adsbygoogle = window.adsbygoogle || []).push({});<\/script>La hora de&nbsp;<strong>apertura&nbsp;<\/strong>de&nbsp;<strong>Metro de Madrid&nbsp;<\/strong>el d\u00eda de&nbsp;<strong>Navidad&nbsp;<\/strong>ser\u00e1 a las&nbsp;<strong>8 de la ma\u00f1ana,&nbsp;<\/strong>es decir, dos horas m\u00e1s tarde del horario habitual. El cierre del Metro este d\u00eda ser\u00e1 en su horario normal.&nbsp;<\/p>\n","protected":false},"excerpt":{"rendered":"<p>Tendr\u00e1 horario especial en Nochebuena y Navidad. <\/p>\n","protected":false},"author":15,"featured_media":54290,"comment_status":"open","ping_status":"open","sticky":false,"template":"","format":"standard","meta":{"footnotes":""},"categories":[23],"tags":[],"class_list":{"0":"post-54288","1":"post","2":"type-post","3":"status-publish","4":"format-standard","5":"has-post-thumbnail","7":"category-transportes-huelgas-madrid"},"_links":{"self":[{"href":"https:\/\/www.vidademadrid.com\/es\/wp-json\/wp\/v2\/posts\/54288","targetHints":{"allow":["GET"]}}],"collection":[{"href":"https:\/\/www.vidademadrid.com\/es\/wp-json\/wp\/v2\/posts"}],"about":[{"href":"https:\/\/www.vidademadrid.com\/es\/wp-json\/wp\/v2\/types\/post"}],"author":[{"embeddable":true,"href":"https:\/\/www.vidademadrid.com\/es\/wp-json\/wp\/v2\/users\/15"}],"replies":[{"embeddable":true,"href":"https:\/\/www.vidademadrid.com\/es\/wp-json\/wp\/v2\/comments?post=54288"}],"version-history":[{"count":2,"href":"https:\/\/www.vidademadrid.com\/es\/wp-json\/wp\/v2\/posts\/54288\/revisions"}],"predecessor-version":[{"id":54292,"href":"https:\/\/www.vidademadrid.com\/es\/wp-json\/wp\/v2\/posts\/54288\/revisions\/54292"}],"wp:featuredmedia":[{"embeddable":true,"href":"https:\/\/www.vidademadrid.com\/es\/wp-json\/wp\/v2\/media\/54290"}],"wp:attachment":[{"href":"https:\/\/www.vidademadrid.com\/es\/wp-json\/wp\/v2\/media?parent=54288"}],"wp:term":[{"taxonomy":"category","embeddable":true,"href":"https:\/\/www.vidademadrid.com\/es\/wp-json\/wp\/v2\/categories?post=54288"},{"taxonomy":"post_tag","embeddable":true,"href":"https:\/\/www.vidademadrid.com\/es\/wp-json\/wp\/v2\/tags?post=54288"}],"curies":[{"name":"wp","href":"https:\/\/api.w.org\/{rel}","templated":true}]}}