{"id":54208,"date":"2023-12-19T12:54:17","date_gmt":"2023-12-19T11:54:17","guid":{"rendered":"https:\/\/www.vidademadrid.com\/es\/?p=54208"},"modified":"2023-12-19T12:54:20","modified_gmt":"2023-12-19T11:54:20","slug":"mercadillo-navideno-productos-locales-plaza-pontejos-2023","status":"publish","type":"post","link":"https:\/\/www.vidademadrid.com\/es\/54208\/mercadillo-navideno-productos-locales-plaza-pontejos-2023\/","title":{"rendered":"Un mercadillo navide\u00f1o con productos locales llega a la Plaza de los Pontejos"},"content":{"rendered":"<p>Un&nbsp;<strong>mercadillo navide\u00f1o&nbsp;<\/strong>llega a la&nbsp;<strong>Plaza de los Pontejos&nbsp;<\/strong>con productos locales de la Comunidad de Madrid, algunos de los productos que se venden son solidarios, elaborados por organismos de la Red de Atenci\u00f3n a la Discapacidad y el Tercer Sector. Sigue leyendo este art\u00edculo para conocer toda la informaci\u00f3n.<\/p>\n<h2>Mercadillo navide\u00f1o solidario en la Plaza de los Pontejos&nbsp;<\/h2>\n<p><script async=\"\" src=\"https:\/\/pagead2.googlesyndication.com\/pagead\/js\/adsbygoogle.js\"><\/script> <ins class=\"adsbygoogle\" style=\"display:block\" data-ad-format=\"fluid\" data-ad-layout-key=\"-7f+eo+1+2-5\" data-ad-client=\"ca-pub-7450064428034605\" data-ad-slot=\"7327027071\"><\/ins><script>(adsbygoogle = window.adsbygoogle || []).push({});<\/script>Un&nbsp;<strong>mercadillo navide\u00f1o&nbsp;<\/strong>de productos locales llega a Madrid. Los madrile\u00f1os y visitantes podr\u00e1n adquirir productos como&nbsp;<strong>cer\u00e1mica, jabones, menaje, juguetes o bisuter\u00eda&nbsp;<\/strong>as\u00ed como&nbsp;<strong>quesos, mermeladas, miel, empanadas, dulces, conservas y ahumados.&nbsp;<\/strong><\/p>\n<p>Algunos de los productos que se venden en este mercadillos son solidarios, elaborados por organismos de la&nbsp;<strong>Red de Atenci\u00f3n a la Discapacidad y el Tercer Sector.&nbsp;<\/strong><\/p>\n<h2>Visita el Mercadillo navide\u00f1o&nbsp;<\/h2>\n<p><script async=\"\" src=\"https:\/\/pagead2.googlesyndication.com\/pagead\/js\/adsbygoogle.js\"><\/script> <ins class=\"adsbygoogle\" style=\"display:block; text-align:center;\" data-ad-layout=\"in-article\" data-ad-format=\"fluid\" data-ad-client=\"ca-pub-7450064428034605\" data-ad-slot=\"5670045061\"><\/ins> <script>(adsbygoogle = window.adsbygoogle || []).push({});<\/script>Las casetas estar\u00e1 abiertas hasta el pr\u00f3ximo s\u00e1bado&nbsp;<strong>30 de diciembre <\/strong>en horario de 10 a 22 horas. El 24 de diciembre permanecer\u00e1 cerrado a partir de las 18 horas y el 25 que lo estar\u00e1 todo el d\u00eda. &nbsp;<\/p>\n","protected":false},"excerpt":{"rendered":"<p>Algunos de los productos son solidarios. <\/p>\n","protected":false},"author":15,"featured_media":54209,"comment_status":"open","ping_status":"open","sticky":false,"template":"","format":"standard","meta":{"footnotes":""},"categories":[101],"tags":[],"class_list":{"0":"post-54208","1":"post","2":"type-post","3":"status-publish","4":"format-standard","5":"has-post-thumbnail","7":"category-ferias-fiestas-mercados-madrid"},"_links":{"self":[{"href":"https:\/\/www.vidademadrid.com\/es\/wp-json\/wp\/v2\/posts\/54208","targetHints":{"allow":["GET"]}}],"collection":[{"href":"https:\/\/www.vidademadrid.com\/es\/wp-json\/wp\/v2\/posts"}],"about":[{"href":"https:\/\/www.vidademadrid.com\/es\/wp-json\/wp\/v2\/types\/post"}],"author":[{"embeddable":true,"href":"https:\/\/www.vidademadrid.com\/es\/wp-json\/wp\/v2\/users\/15"}],"replies":[{"embeddable":true,"href":"https:\/\/www.vidademadrid.com\/es\/wp-json\/wp\/v2\/comments?post=54208"}],"version-history":[{"count":2,"href":"https:\/\/www.vidademadrid.com\/es\/wp-json\/wp\/v2\/posts\/54208\/revisions"}],"predecessor-version":[{"id":54211,"href":"https:\/\/www.vidademadrid.com\/es\/wp-json\/wp\/v2\/posts\/54208\/revisions\/54211"}],"wp:featuredmedia":[{"embeddable":true,"href":"https:\/\/www.vidademadrid.com\/es\/wp-json\/wp\/v2\/media\/54209"}],"wp:attachment":[{"href":"https:\/\/www.vidademadrid.com\/es\/wp-json\/wp\/v2\/media?parent=54208"}],"wp:term":[{"taxonomy":"category","embeddable":true,"href":"https:\/\/www.vidademadrid.com\/es\/wp-json\/wp\/v2\/categories?post=54208"},{"taxonomy":"post_tag","embeddable":true,"href":"https:\/\/www.vidademadrid.com\/es\/wp-json\/wp\/v2\/tags?post=54208"}],"curies":[{"name":"wp","href":"https:\/\/api.w.org\/{rel}","templated":true}]}}