{"id":54200,"date":"2023-12-19T11:05:18","date_gmt":"2023-12-19T10:05:18","guid":{"rendered":"https:\/\/www.vidademadrid.com\/es\/?p=54200"},"modified":"2023-12-22T13:32:05","modified_gmt":"2023-12-22T12:32:05","slug":"belen-viviente-chamberi-2023-fecha-hora","status":"publish","type":"post","link":"https:\/\/www.vidademadrid.com\/es\/54200\/belen-viviente-chamberi-2023-fecha-hora\/","title":{"rendered":"Bel\u00e9n Viviente en Chamber\u00ed 2023: vuelve el \u00fanico Bel\u00e9n Viviente de la zona"},"content":{"rendered":"<p>El \u00fanico&nbsp;<strong>Bel\u00e9n Viviente de Chamber\u00ed&nbsp;<\/strong>vuelve este a\u00f1o en el&nbsp;<strong>Colegio Inmaculada de Chamber\u00ed.&nbsp;<\/strong>Sigue leyendo este art\u00edculo para conocer toda la informaci\u00f3n.&nbsp;<\/p>\n<h2>Bel\u00e9n Viviente en Chamber\u00ed 2023&nbsp;<\/h2>\n<p><script async=\"\" src=\"https:\/\/pagead2.googlesyndication.com\/pagead\/js\/adsbygoogle.js\"><\/script> <ins class=\"adsbygoogle\" style=\"display:block\" data-ad-format=\"fluid\" data-ad-layout-key=\"-7f+eo+1+2-5\" data-ad-client=\"ca-pub-7450064428034605\" data-ad-slot=\"7327027071\"><\/ins><script>(adsbygoogle = window.adsbygoogle || []).push({});<\/script>El distrito de Chamber\u00ed vuelve a albergar el&nbsp;<strong>\u00fanico Bel\u00e9n Viviente de la zona&nbsp;<\/strong>despu\u00e9s de varios a\u00f1os gracias al&nbsp;<strong>Colegio Mar\u00eda Inmaculada de Chamber\u00ed.&nbsp;<\/strong><\/p>\n<p>Con el objetivo de ofrecer a los vecinos del barrio contemplar las escenas del Portal de Bel\u00e9n, en el que participan alumnos y alumnas desde 1 a\u00f1o hasta los 18 a\u00f1os, este&nbsp;<strong>Bel\u00e9n Viviente&nbsp;<\/strong>refleja los valores de la solidaridad, la fraternidad, acogida y el respeto.&nbsp;<\/p>\n<h2>Fecha y hora&nbsp;<\/h2>\n<p><script async=\"\" src=\"https:\/\/pagead2.googlesyndication.com\/pagead\/js\/adsbygoogle.js\"><\/script> <ins class=\"adsbygoogle\" style=\"display:block; text-align:center;\" data-ad-layout=\"in-article\" data-ad-format=\"fluid\" data-ad-client=\"ca-pub-7450064428034605\" data-ad-slot=\"5670045061\"><\/ins> <script>(adsbygoogle = window.adsbygoogle || []).push({});<\/script>El Bel\u00e9n ser\u00e1 el <strong>19 de diciembre de 2023 <\/strong>en el <strong>Colegio Mar\u00eda Inmaculada de Chamber\u00ed&nbsp;<\/strong>(Metro Iglesia, Rub\u00e9n Dar\u00edo, Alonso Cano y Gregorio Mara\u00f1\u00f3n). El acceso es por el Paseo del General Mart\u00ednez Campos, 18.&nbsp;<\/p>\n<p>El horario es de 16.30 a 18.30 horas.&nbsp;<\/p>\n","protected":false},"excerpt":{"rendered":"<p>Es el \u00fanico Bel\u00e9n viviente de la zona. <\/p>\n","protected":false},"author":15,"featured_media":54201,"comment_status":"open","ping_status":"open","sticky":false,"template":"","format":"standard","meta":{"footnotes":""},"categories":[1],"tags":[],"class_list":{"0":"post-54200","1":"post","2":"type-post","3":"status-publish","4":"format-standard","5":"has-post-thumbnail","7":"category-varios"},"_links":{"self":[{"href":"https:\/\/www.vidademadrid.com\/es\/wp-json\/wp\/v2\/posts\/54200","targetHints":{"allow":["GET"]}}],"collection":[{"href":"https:\/\/www.vidademadrid.com\/es\/wp-json\/wp\/v2\/posts"}],"about":[{"href":"https:\/\/www.vidademadrid.com\/es\/wp-json\/wp\/v2\/types\/post"}],"author":[{"embeddable":true,"href":"https:\/\/www.vidademadrid.com\/es\/wp-json\/wp\/v2\/users\/15"}],"replies":[{"embeddable":true,"href":"https:\/\/www.vidademadrid.com\/es\/wp-json\/wp\/v2\/comments?post=54200"}],"version-history":[{"count":1,"href":"https:\/\/www.vidademadrid.com\/es\/wp-json\/wp\/v2\/posts\/54200\/revisions"}],"predecessor-version":[{"id":54202,"href":"https:\/\/www.vidademadrid.com\/es\/wp-json\/wp\/v2\/posts\/54200\/revisions\/54202"}],"wp:featuredmedia":[{"embeddable":true,"href":"https:\/\/www.vidademadrid.com\/es\/wp-json\/wp\/v2\/media\/54201"}],"wp:attachment":[{"href":"https:\/\/www.vidademadrid.com\/es\/wp-json\/wp\/v2\/media?parent=54200"}],"wp:term":[{"taxonomy":"category","embeddable":true,"href":"https:\/\/www.vidademadrid.com\/es\/wp-json\/wp\/v2\/categories?post=54200"},{"taxonomy":"post_tag","embeddable":true,"href":"https:\/\/www.vidademadrid.com\/es\/wp-json\/wp\/v2\/tags?post=54200"}],"curies":[{"name":"wp","href":"https:\/\/api.w.org\/{rel}","templated":true}]}}