{"id":54101,"date":"2023-12-14T11:19:43","date_gmt":"2023-12-14T10:19:43","guid":{"rendered":"https:\/\/www.vidademadrid.com\/es\/?p=54101"},"modified":"2023-12-14T11:19:45","modified_gmt":"2023-12-14T10:19:45","slug":"mercadillo-argentino-navidad-mercado-encanto-2023","status":"publish","type":"post","link":"https:\/\/www.vidademadrid.com\/es\/54101\/mercadillo-argentino-navidad-mercado-encanto-2023\/","title":{"rendered":"Un Mercadillo Argentino de Navidad llega a Madrid"},"content":{"rendered":"<p>La edici\u00f3n navide\u00f1a del <strong>Mercado del Encanto&nbsp;<\/strong>llega a Madrid con marcas emergentes de&nbsp;<strong>Espa\u00f1a y Argentina.&nbsp;<\/strong>Te contamos toda la informaci\u00f3n sobre este mercadillo navide\u00f1o en este art\u00edculo.&nbsp;<\/p>\n<h2>Mercadillo Argentino de Navidad&nbsp;<\/h2>\n<p><script async=\"\" src=\"https:\/\/pagead2.googlesyndication.com\/pagead\/js\/adsbygoogle.js\"><\/script> <ins class=\"adsbygoogle\" style=\"display:block\" data-ad-format=\"fluid\" data-ad-layout-key=\"-7f+eo+1+2-5\" data-ad-client=\"ca-pub-7450064428034605\" data-ad-slot=\"7327027071\"><\/ins><script>(adsbygoogle = window.adsbygoogle || []).push({});<\/script>Este a\u00f1o, el&nbsp;<strong>Mercado del Encanto&nbsp;<\/strong>contar\u00e1 con la colaboraci\u00f3n de la&nbsp;<strong>Embajada de la Rep\u00fablica Argentina&nbsp;<\/strong>con el objetivo de mostrar la&nbsp;<strong>riqueza gastron\u00f3mica de su pa\u00eds.&nbsp;<\/strong><\/p>\n<p>En esta edici\u00f3n, se podr\u00e1n adquirir todo tipo de&nbsp;<strong>dulces y especialidades argentinas&nbsp;<\/strong>as\u00ed como una cuidada selecci\u00f3n de vinos, artesan\u00edas y libros de autores argentinos.&nbsp;Tambi\u00e9n, habr\u00e1 talentosas marcas espa\u00f1olas con productos de decoraci\u00f3n, papeler\u00eda y muchas opciones de regalos.&nbsp;<\/p>\n<p>En la terraza del&nbsp;<strong>Palacio de Santa B\u00e1rbara&nbsp;<\/strong>se podr\u00e1 degustar una muestra de gastronom\u00eda argentina:&nbsp;<strong>empanadas, choripanes, lomitos, medialunas, budines, alfajores y m\u00e1s.&nbsp;<\/strong><\/p>\n<h2>Visita el Mercado del Encanto&nbsp;<\/h2>\n<p><script async=\"\" src=\"https:\/\/pagead2.googlesyndication.com\/pagead\/js\/adsbygoogle.js\"><\/script> <ins class=\"adsbygoogle\" style=\"display:block; text-align:center;\" data-ad-layout=\"in-article\" data-ad-format=\"fluid\" data-ad-client=\"ca-pub-7450064428034605\" data-ad-slot=\"5670045061\"><\/ins> <script>(adsbygoogle = window.adsbygoogle || []).push({});<\/script>El&nbsp;<strong>Mercado del Encanto&nbsp;<\/strong>ser\u00e1 los d\u00edas&nbsp;<strong>21, 22 y 23 de diciembre&nbsp;<\/strong>en el&nbsp;<strong>Palacio de Santa B\u00e1rbara&nbsp;<\/strong>(Metro Alonso Mart\u00ednez). El horario del jueves es de 17 a 21 horas y viernes y s\u00e1bado de 11.30 a 21 horas.&nbsp;<\/p>\n<p>La entrada es&nbsp;<strong>libre.&nbsp;<\/strong><\/p>\n","protected":false},"excerpt":{"rendered":"<p>Con marcas emergentes espa\u00f1olas y argentinas. <\/p>\n","protected":false},"author":15,"featured_media":54102,"comment_status":"open","ping_status":"open","sticky":false,"template":"","format":"standard","meta":{"footnotes":""},"categories":[115],"tags":[],"class_list":{"0":"post-54101","1":"post","2":"type-post","3":"status-publish","4":"format-standard","5":"has-post-thumbnail","7":"category-planes-del-momento-madrid"},"_links":{"self":[{"href":"https:\/\/www.vidademadrid.com\/es\/wp-json\/wp\/v2\/posts\/54101","targetHints":{"allow":["GET"]}}],"collection":[{"href":"https:\/\/www.vidademadrid.com\/es\/wp-json\/wp\/v2\/posts"}],"about":[{"href":"https:\/\/www.vidademadrid.com\/es\/wp-json\/wp\/v2\/types\/post"}],"author":[{"embeddable":true,"href":"https:\/\/www.vidademadrid.com\/es\/wp-json\/wp\/v2\/users\/15"}],"replies":[{"embeddable":true,"href":"https:\/\/www.vidademadrid.com\/es\/wp-json\/wp\/v2\/comments?post=54101"}],"version-history":[{"count":1,"href":"https:\/\/www.vidademadrid.com\/es\/wp-json\/wp\/v2\/posts\/54101\/revisions"}],"predecessor-version":[{"id":54103,"href":"https:\/\/www.vidademadrid.com\/es\/wp-json\/wp\/v2\/posts\/54101\/revisions\/54103"}],"wp:featuredmedia":[{"embeddable":true,"href":"https:\/\/www.vidademadrid.com\/es\/wp-json\/wp\/v2\/media\/54102"}],"wp:attachment":[{"href":"https:\/\/www.vidademadrid.com\/es\/wp-json\/wp\/v2\/media?parent=54101"}],"wp:term":[{"taxonomy":"category","embeddable":true,"href":"https:\/\/www.vidademadrid.com\/es\/wp-json\/wp\/v2\/categories?post=54101"},{"taxonomy":"post_tag","embeddable":true,"href":"https:\/\/www.vidademadrid.com\/es\/wp-json\/wp\/v2\/tags?post=54101"}],"curies":[{"name":"wp","href":"https:\/\/api.w.org\/{rel}","templated":true}]}}