{"id":54097,"date":"2023-12-14T10:50:47","date_gmt":"2023-12-14T09:50:47","guid":{"rendered":"https:\/\/www.vidademadrid.com\/es\/?p=54097"},"modified":"2023-12-15T00:08:44","modified_gmt":"2023-12-14T23:08:44","slug":"dulces-navidenos-bastones-caramelo-instalacion-interactivo-2023","status":"publish","type":"post","link":"https:\/\/www.vidademadrid.com\/es\/54097\/dulces-navidenos-bastones-caramelo-instalacion-interactivo-2023\/","title":{"rendered":"Una gran instalaci\u00f3n interactiva de Dulces Navide\u00f1os llega a Madrid"},"content":{"rendered":"<p>Un gran bosque de bastones de caramelos que se iluminar\u00e1n llega a Madrid esta Navidad. Te contamos toda la informaci\u00f3n en este art\u00edculo.<\/p>\n<h2>Dulces Navide\u00f1os en Madrid<\/h2>\n<p><script async=\"\" src=\"https:\/\/pagead2.googlesyndication.com\/pagead\/js\/adsbygoogle.js\"><\/script> <ins class=\"adsbygoogle\" style=\"display: block;\" data-ad-format=\"fluid\" data-ad-layout-key=\"-7f+eo+1+2-5\" data-ad-client=\"ca-pub-7450064428034605\" data-ad-slot=\"7327027071\"><\/ins><script>(adsbygoogle = window.adsbygoogle || []).push({});<\/script>El bosque de\u00a0<strong>bastones de caramelos\u00a0<\/strong>llega al\u00a0<strong>Distrito de Barajas\u00a0<\/strong>esta Navidad. Esta instalaci\u00f3n de Amigo &amp; Amigo es una propuesta interactiva en la que al\u00a0<strong>tocas los botones\u00a0<\/strong>se iluminar\u00e1n los bastones y har\u00e1n sonar campanas que forman una\u00a0<strong>orquesta de sonidos navide\u00f1os.\u00a0<\/strong><\/p>\n<h2>Visita los bastones navide\u00f1os esta Navidad<\/h2>\n<p><script async=\"\" src=\"https:\/\/pagead2.googlesyndication.com\/pagead\/js\/adsbygoogle.js\"><\/script> <ins class=\"adsbygoogle\" style=\"display: block; text-align: center;\" data-ad-layout=\"in-article\" data-ad-format=\"fluid\" data-ad-client=\"ca-pub-7450064428034605\" data-ad-slot=\"5670045061\"><\/ins> <script>(adsbygoogle = window.adsbygoogle || []).push({});<\/script>Se podr\u00e1n visitar los\u00a0<strong>Dulces Navide\u00f1os\u00a0<\/strong>del 15 al 29 de diciembre de 11 a 22 horas en la <strong>Plaza de Cristina Arce y Roc\u00edo O\u00f1a <\/strong>(Metro Alameda de Osuna). El acceso es gratuito.<\/p>\n<p>Los d\u00edas 24 y 25 de diciembre, esta instalaci\u00f3n permanecer\u00e1 cerrado.<\/p>\n","protected":false},"excerpt":{"rendered":"<p>Estar\u00e1 del 15 al 29 de diciembre. <\/p>\n","protected":false},"author":15,"featured_media":54098,"comment_status":"open","ping_status":"open","sticky":false,"template":"","format":"standard","meta":{"footnotes":""},"categories":[101],"tags":[],"class_list":{"0":"post-54097","1":"post","2":"type-post","3":"status-publish","4":"format-standard","5":"has-post-thumbnail","7":"category-ferias-fiestas-mercados-madrid"},"_links":{"self":[{"href":"https:\/\/www.vidademadrid.com\/es\/wp-json\/wp\/v2\/posts\/54097","targetHints":{"allow":["GET"]}}],"collection":[{"href":"https:\/\/www.vidademadrid.com\/es\/wp-json\/wp\/v2\/posts"}],"about":[{"href":"https:\/\/www.vidademadrid.com\/es\/wp-json\/wp\/v2\/types\/post"}],"author":[{"embeddable":true,"href":"https:\/\/www.vidademadrid.com\/es\/wp-json\/wp\/v2\/users\/15"}],"replies":[{"embeddable":true,"href":"https:\/\/www.vidademadrid.com\/es\/wp-json\/wp\/v2\/comments?post=54097"}],"version-history":[{"count":3,"href":"https:\/\/www.vidademadrid.com\/es\/wp-json\/wp\/v2\/posts\/54097\/revisions"}],"predecessor-version":[{"id":54112,"href":"https:\/\/www.vidademadrid.com\/es\/wp-json\/wp\/v2\/posts\/54097\/revisions\/54112"}],"wp:featuredmedia":[{"embeddable":true,"href":"https:\/\/www.vidademadrid.com\/es\/wp-json\/wp\/v2\/media\/54098"}],"wp:attachment":[{"href":"https:\/\/www.vidademadrid.com\/es\/wp-json\/wp\/v2\/media?parent=54097"}],"wp:term":[{"taxonomy":"category","embeddable":true,"href":"https:\/\/www.vidademadrid.com\/es\/wp-json\/wp\/v2\/categories?post=54097"},{"taxonomy":"post_tag","embeddable":true,"href":"https:\/\/www.vidademadrid.com\/es\/wp-json\/wp\/v2\/tags?post=54097"}],"curies":[{"name":"wp","href":"https:\/\/api.w.org\/{rel}","templated":true}]}}