{"id":53935,"date":"2023-12-04T11:45:19","date_gmt":"2023-12-04T10:45:19","guid":{"rendered":"https:\/\/www.vidademadrid.com\/es\/?p=53935"},"modified":"2023-12-04T11:45:22","modified_gmt":"2023-12-04T10:45:22","slug":"vida-palacio-cibeles-exposicion-centro-centro","status":"publish","type":"post","link":"https:\/\/www.vidademadrid.com\/es\/53935\/vida-palacio-cibeles-exposicion-centro-centro\/","title":{"rendered":"Visita \u00abVida del Palacio de Cibeles\u00bb, la nueva exposici\u00f3n de CentroCentro \u00a0"},"content":{"rendered":"<p>Durante el siglo XX, el&nbsp;<strong>Palacio de Cibeles&nbsp;<\/strong>se convirti\u00f3 en la&nbsp;<strong>sede central de Correos y Tel\u00e9grafos de Madrid.&nbsp;<\/strong>Hoy, la fachada del&nbsp;<strong>Palacio de Cibeles&nbsp;<\/strong>es una de las m\u00e1s reconocibles de la ciudad. Sigue leyendo este art\u00edculo para conocer toda la informaci\u00f3n.&nbsp;<\/p>\n<h2 class=\"p1\">\u00abVida del Palacio de Cibeles\u00bb<span class=\"Apple-converted-space\">&nbsp;<\/span><\/h2>\n<p><script async=\"\" src=\"https:\/\/pagead2.googlesyndication.com\/pagead\/js\/adsbygoogle.js\"><\/script> <ins class=\"adsbygoogle\" style=\"display:block\" data-ad-format=\"fluid\" data-ad-layout-key=\"-7f+eo+1+2-5\" data-ad-client=\"ca-pub-7450064428034605\" data-ad-slot=\"7327027071\"><\/ins><script>(adsbygoogle = window.adsbygoogle || []).push({});<\/script>A mediados del siglo XIX, las oficinas de&nbsp;<strong>Correos y Tel\u00e9grafos de la Puerta del Sol&nbsp;<\/strong>colapsaba y se buscaba una nueva sede central para este servicio. Se encontr\u00f3 en el <strong>Palacio de Cibeles,&nbsp;<\/strong>inaugurado en 1919.&nbsp;<\/p>\n<p>El&nbsp;<strong>Palacio de Cibeles&nbsp;<\/strong>se ha convertido en un icono del entorno urbano de Madrid. La exposici\u00f3n <strong>\u00abVida del Palacio de Cibeles\u00bb <\/strong>convierte este edificio en la obra principal y se apoya en&nbsp;<strong>documentos t\u00e9cnicos, im\u00e1genes, opiniones y sucesos hist\u00f3ricos de los que ha sido testigo.<\/strong><\/p>\n<p>La exposici\u00f3n se divide en cuatro apartados:&nbsp;<strong>atenci\u00f3n al p\u00fablico, el aparato administrativo e industrial, la fachada y Madrid visto desde el palacio.&nbsp;<\/strong><\/p>\n<h2>Visita la exposici\u00f3n&nbsp;<\/h2>\n<p><script async=\"\" src=\"https:\/\/pagead2.googlesyndication.com\/pagead\/js\/adsbygoogle.js\"><\/script> <ins class=\"adsbygoogle\" style=\"display:block; text-align:center;\" data-ad-layout=\"in-article\" data-ad-format=\"fluid\" data-ad-client=\"ca-pub-7450064428034605\" data-ad-slot=\"5670045061\"><\/ins> <script>(adsbygoogle = window.adsbygoogle || []).push({});<\/script>La exposici\u00f3n se podr\u00e1 visitar de&nbsp;<strong>martes a domingo&nbsp;<\/strong>de 10 a 20 horas en las Plantas 2, 4 y Mirados de&nbsp;<strong>CentroCentro&nbsp;<\/strong>(Metro Banco de Espa\u00f1a).&nbsp;<\/p>\n","protected":false},"excerpt":{"rendered":"<p>Se podr\u00e1 visitar de martes a domingo. <\/p>\n","protected":false},"author":15,"featured_media":53936,"comment_status":"open","ping_status":"open","sticky":false,"template":"","format":"standard","meta":{"footnotes":""},"categories":[111],"tags":[],"class_list":{"0":"post-53935","1":"post","2":"type-post","3":"status-publish","4":"format-standard","5":"has-post-thumbnail","7":"category-exposiciones-madrid"},"_links":{"self":[{"href":"https:\/\/www.vidademadrid.com\/es\/wp-json\/wp\/v2\/posts\/53935","targetHints":{"allow":["GET"]}}],"collection":[{"href":"https:\/\/www.vidademadrid.com\/es\/wp-json\/wp\/v2\/posts"}],"about":[{"href":"https:\/\/www.vidademadrid.com\/es\/wp-json\/wp\/v2\/types\/post"}],"author":[{"embeddable":true,"href":"https:\/\/www.vidademadrid.com\/es\/wp-json\/wp\/v2\/users\/15"}],"replies":[{"embeddable":true,"href":"https:\/\/www.vidademadrid.com\/es\/wp-json\/wp\/v2\/comments?post=53935"}],"version-history":[{"count":2,"href":"https:\/\/www.vidademadrid.com\/es\/wp-json\/wp\/v2\/posts\/53935\/revisions"}],"predecessor-version":[{"id":53938,"href":"https:\/\/www.vidademadrid.com\/es\/wp-json\/wp\/v2\/posts\/53935\/revisions\/53938"}],"wp:featuredmedia":[{"embeddable":true,"href":"https:\/\/www.vidademadrid.com\/es\/wp-json\/wp\/v2\/media\/53936"}],"wp:attachment":[{"href":"https:\/\/www.vidademadrid.com\/es\/wp-json\/wp\/v2\/media?parent=53935"}],"wp:term":[{"taxonomy":"category","embeddable":true,"href":"https:\/\/www.vidademadrid.com\/es\/wp-json\/wp\/v2\/categories?post=53935"},{"taxonomy":"post_tag","embeddable":true,"href":"https:\/\/www.vidademadrid.com\/es\/wp-json\/wp\/v2\/tags?post=53935"}],"curies":[{"name":"wp","href":"https:\/\/api.w.org\/{rel}","templated":true}]}}