{"id":53834,"date":"2023-11-29T11:25:51","date_gmt":"2023-11-29T10:25:51","guid":{"rendered":"https:\/\/www.vidademadrid.com\/es\/?p=53834"},"modified":"2023-11-30T13:25:46","modified_gmt":"2023-11-30T12:25:46","slug":"belen-montana-gatos-retiro-fechas-horarios-navidad-2023","status":"publish","type":"post","link":"https:\/\/www.vidademadrid.com\/es\/53834\/belen-montana-gatos-retiro-fechas-horarios-navidad-2023\/","title":{"rendered":"La Monta\u00f1a de los Gatos del Retiro tendr\u00e1 una exposici\u00f3n de Belenes de todo el mundo esta Navidad 2023"},"content":{"rendered":"<p>La\u00a0<strong>Monta\u00f1a de los Gatos,\u00a0<\/strong>que reabri\u00f3 sus puertas el pasado verano, acoger\u00e1 un <strong>gran Bel\u00e9n circular\u00a0<\/strong>y una muestra de c\u00f3mo son los Nacimientos en distintos pa\u00edses del mundo. Sigue leyendo este art\u00edculo para conocer toda la informaci\u00f3n.<\/p>\n<h2>Bel\u00e9n en la Monta\u00f1a de los Gatos<\/h2>\n<p><script async=\"\" src=\"https:\/\/pagead2.googlesyndication.com\/pagead\/js\/adsbygoogle.js\"><\/script> <ins class=\"adsbygoogle\" style=\"display: block;\" data-ad-format=\"fluid\" data-ad-layout-key=\"-7f+eo+1+2-5\" data-ad-client=\"ca-pub-7450064428034605\" data-ad-slot=\"7327027071\"><\/ins><script>(adsbygoogle = window.adsbygoogle || []).push({});<\/script><strong>La Monta\u00f1a de los Gatos\u00a0<\/strong>tendr\u00e1 una exposici\u00f3n titulada <strong>\u00abA Bel\u00e9n, venid\u00bb<\/strong>.\u00a0En esta exposici\u00f3n se podr\u00e1 ver un gran Bel\u00e9n de casi <strong>30 metros cuadrados\u00a0<\/strong>de superficie y contar\u00e1 con figuras del belenista\u00a0<strong>Jos\u00e9 Luis Mayo Lebrija.\u00a0<\/strong><\/p>\n<p>Adem\u00e1s del portal del Nacimiento, se reproduce el\u00a0<strong>pueblo de Bel\u00e9n, el mercado y el castillo de Herodes\u00a0<\/strong>adem\u00e1s de los usos y costumbres de la \u00e9poca. Se prev\u00e9 que se instale un circuito de agua y un dep\u00f3sito de 500 litros. Los caminos se completar\u00e1n con diferentes tipos de arena y tierras.<\/p>\n<p>En la exposici\u00f3n, que conmemora los 800 a\u00f1os de la tradici\u00f3n del Bel\u00e9n, tambi\u00e9n se podr\u00e1n ver <strong>Nacimientos de otros pa\u00edses.\u00a0<\/strong>Los pa\u00edses representados son: Etiop\u00eda, Tanzania, Mauritania, Eritrea, China, Malasia, Vietnam, Nueva Zelanda, Estados Unidos, Ecuador, M\u00e9xico, Per\u00fa, Portugal, Polonia, Rep\u00fablica Checa y Espa\u00f1a.<\/p>\n<h2>Fechas y horarios<\/h2>\n<p><script async=\"\" src=\"https:\/\/pagead2.googlesyndication.com\/pagead\/js\/adsbygoogle.js\"><\/script> <ins class=\"adsbygoogle\" style=\"display: block; text-align: center;\" data-ad-layout=\"in-article\" data-ad-format=\"fluid\" data-ad-client=\"ca-pub-7450064428034605\" data-ad-slot=\"5670045061\"><\/ins> <script>(adsbygoogle = window.adsbygoogle || []).push({});<\/script>El Bel\u00e9n en la\u00a0<strong>Monta\u00f1a de los Gatos\u00a0<\/strong>se podr\u00e1 visitar del\u00a0<strong>1 de diciembre al 5 de enero.\u00a0<\/strong>La entrada es gratuita y el horario ser\u00e1 de 11 a 13 horas y de 18 a 20 horas.<\/p>\n<figure style=\"width: 1500px\" class=\"wp-caption alignnone\"><img loading=\"lazy\" decoding=\"async\" src=\"https:\/\/diario.madrid.es\/wp-content\/uploads\/2023\/11\/57A3277-1500x1000.jpg\" alt=\"\" width=\"1500\" height=\"1000\" \/><figcaption class=\"wp-caption-text\">Foto: Ayuntamiento de Madrid<\/figcaption><\/figure>\n","protected":false},"excerpt":{"rendered":"<p>Se podr\u00e1 visitar hasta el 5 de enero. <\/p>\n","protected":false},"author":15,"featured_media":53870,"comment_status":"open","ping_status":"open","sticky":false,"template":"","format":"standard","meta":{"footnotes":""},"categories":[111],"tags":[],"class_list":{"0":"post-53834","1":"post","2":"type-post","3":"status-publish","4":"format-standard","5":"has-post-thumbnail","7":"category-exposiciones-madrid"},"_links":{"self":[{"href":"https:\/\/www.vidademadrid.com\/es\/wp-json\/wp\/v2\/posts\/53834","targetHints":{"allow":["GET"]}}],"collection":[{"href":"https:\/\/www.vidademadrid.com\/es\/wp-json\/wp\/v2\/posts"}],"about":[{"href":"https:\/\/www.vidademadrid.com\/es\/wp-json\/wp\/v2\/types\/post"}],"author":[{"embeddable":true,"href":"https:\/\/www.vidademadrid.com\/es\/wp-json\/wp\/v2\/users\/15"}],"replies":[{"embeddable":true,"href":"https:\/\/www.vidademadrid.com\/es\/wp-json\/wp\/v2\/comments?post=53834"}],"version-history":[{"count":3,"href":"https:\/\/www.vidademadrid.com\/es\/wp-json\/wp\/v2\/posts\/53834\/revisions"}],"predecessor-version":[{"id":53872,"href":"https:\/\/www.vidademadrid.com\/es\/wp-json\/wp\/v2\/posts\/53834\/revisions\/53872"}],"wp:featuredmedia":[{"embeddable":true,"href":"https:\/\/www.vidademadrid.com\/es\/wp-json\/wp\/v2\/media\/53870"}],"wp:attachment":[{"href":"https:\/\/www.vidademadrid.com\/es\/wp-json\/wp\/v2\/media?parent=53834"}],"wp:term":[{"taxonomy":"category","embeddable":true,"href":"https:\/\/www.vidademadrid.com\/es\/wp-json\/wp\/v2\/categories?post=53834"},{"taxonomy":"post_tag","embeddable":true,"href":"https:\/\/www.vidademadrid.com\/es\/wp-json\/wp\/v2\/tags?post=53834"}],"curies":[{"name":"wp","href":"https:\/\/api.w.org\/{rel}","templated":true}]}}