{"id":53788,"date":"2023-11-27T10:55:41","date_gmt":"2023-11-27T09:55:41","guid":{"rendered":"https:\/\/www.vidademadrid.com\/es\/?p=53788"},"modified":"2023-12-10T23:03:04","modified_gmt":"2023-12-10T22:03:04","slug":"pista-hielo-cibeles-fechas-entradas-navidad-2023","status":"publish","type":"post","link":"https:\/\/www.vidademadrid.com\/es\/53788\/pista-hielo-cibeles-fechas-entradas-navidad-2023\/","title":{"rendered":"Disfruta de la pista de hielo de Cibeles esta Navidad 2023"},"content":{"rendered":"<p>La&nbsp;<strong>pista de hielo de Cibeles,&nbsp;<\/strong>una de las m\u00e1s esperadas en Madrid, vuelve esta Navidad 2023. Este a\u00f1o tiene una gran novedad: forma parte de la experiencia inmersiva de&nbsp;<strong>Amazon y la F\u00e1brica de Navidad.&nbsp;<\/strong>Sigue leyendo este art\u00edculo para conocer toda la informaci\u00f3n.&nbsp;<\/p>\n<h2>Amazon &amp; Cibeles:&nbsp;pista de hielo&nbsp;<\/h2>\n<p><script async=\"\" src=\"https:\/\/pagead2.googlesyndication.com\/pagead\/js\/adsbygoogle.js\"><\/script> <ins class=\"adsbygoogle\" style=\"display:block\" data-ad-format=\"fluid\" data-ad-layout-key=\"-7f+eo+1+2-5\" data-ad-client=\"ca-pub-7450064428034605\" data-ad-slot=\"7327027071\"><\/ins><script>(adsbygoogle = window.adsbygoogle || []).push({});<\/script>La esperada&nbsp;<strong>pista de hielo de Cibeles&nbsp;<\/strong>vuelve esta Navidad a la <strong>Galer\u00eda de Cristal del Palacio de Cibeles <\/strong>con una superficie de <strong>400 metros cuadrados.&nbsp;<\/strong>Este a\u00f1o, forma parte de la experiencia inmersiva&nbsp;<strong>Amazon y la F\u00e1brica de la Navidad.&nbsp;<\/strong><\/p>\n<p>Adem\u00e1s de la pista de huelo, se podr\u00e1 visitar el&nbsp;<strong>mercadillo navide\u00f1o Espa\u00f1a&nbsp;<\/strong>donde se podr\u00e1n encontrar peque\u00f1as y medianas empresas que venden en Amazon.&nbsp;<\/p>\n<h2>Pista de hielo de Cibeles: fechas y entradas<\/h2>\n<p><script async=\"\" src=\"https:\/\/pagead2.googlesyndication.com\/pagead\/js\/adsbygoogle.js\"><\/script> <ins class=\"adsbygoogle\" style=\"display:block; text-align:center;\" data-ad-layout=\"in-article\" data-ad-format=\"fluid\" data-ad-client=\"ca-pub-7450064428034605\" data-ad-slot=\"5670045061\"><\/ins> <script>(adsbygoogle = window.adsbygoogle || []).push({});<\/script>La&nbsp;<strong>pista de hielo de Cibeles&nbsp;<\/strong>estar\u00e1 en la&nbsp;<strong>Galer\u00eda de Cristal del Palacio de Cibeles&nbsp;<\/strong>(Metro Banco de Espa\u00f1a) del&nbsp;<strong>16 de diciembre al 5 de enero.&nbsp;<\/strong>La entrada general es de&nbsp;<strong>6,50 euros&nbsp;<\/strong>por 30 minutos, el andador tiene un costo de&nbsp;<strong>2 euros&nbsp;<\/strong>y los guantes cuestan&nbsp;<strong>1,60 euros.&nbsp;<\/strong>Las entradas estar\u00e1n disponibles en este <a href=\"https:\/\/tienda.madrid-destino.com\/es\/?space=7\">enlace<\/a>.&nbsp;<\/p>\n<p>Los horarios son de&nbsp;<strong>lunes a domingo&nbsp;<\/strong>de 11 a 21 horas. El&nbsp;<strong>18, 19, 20, 21 y 22 de diciembre,&nbsp;<\/strong>el horario ser\u00e1 de 16 a 21 horas. El&nbsp;<strong>24 y 31 de diciembre <\/strong>de 11 a 18 horas, el&nbsp;<strong>25 de diciembre y 1 de enero&nbsp;<\/strong>de 17 a 21 horas. El&nbsp;<strong>5 de enero&nbsp;<\/strong>de 11 a 14 horas.&nbsp;<\/p>\n","protected":false},"excerpt":{"rendered":"<p>Este a\u00f1o es parte de la experiencia inmersiva Amazon &#038; Cibeles. <\/p>\n","protected":false},"author":15,"featured_media":53789,"comment_status":"open","ping_status":"open","sticky":false,"template":"","format":"standard","meta":{"footnotes":""},"categories":[101],"tags":[],"class_list":{"0":"post-53788","1":"post","2":"type-post","3":"status-publish","4":"format-standard","5":"has-post-thumbnail","7":"category-ferias-fiestas-mercados-madrid"},"_links":{"self":[{"href":"https:\/\/www.vidademadrid.com\/es\/wp-json\/wp\/v2\/posts\/53788","targetHints":{"allow":["GET"]}}],"collection":[{"href":"https:\/\/www.vidademadrid.com\/es\/wp-json\/wp\/v2\/posts"}],"about":[{"href":"https:\/\/www.vidademadrid.com\/es\/wp-json\/wp\/v2\/types\/post"}],"author":[{"embeddable":true,"href":"https:\/\/www.vidademadrid.com\/es\/wp-json\/wp\/v2\/users\/15"}],"replies":[{"embeddable":true,"href":"https:\/\/www.vidademadrid.com\/es\/wp-json\/wp\/v2\/comments?post=53788"}],"version-history":[{"count":2,"href":"https:\/\/www.vidademadrid.com\/es\/wp-json\/wp\/v2\/posts\/53788\/revisions"}],"predecessor-version":[{"id":53792,"href":"https:\/\/www.vidademadrid.com\/es\/wp-json\/wp\/v2\/posts\/53788\/revisions\/53792"}],"wp:featuredmedia":[{"embeddable":true,"href":"https:\/\/www.vidademadrid.com\/es\/wp-json\/wp\/v2\/media\/53789"}],"wp:attachment":[{"href":"https:\/\/www.vidademadrid.com\/es\/wp-json\/wp\/v2\/media?parent=53788"}],"wp:term":[{"taxonomy":"category","embeddable":true,"href":"https:\/\/www.vidademadrid.com\/es\/wp-json\/wp\/v2\/categories?post=53788"},{"taxonomy":"post_tag","embeddable":true,"href":"https:\/\/www.vidademadrid.com\/es\/wp-json\/wp\/v2\/tags?post=53788"}],"curies":[{"name":"wp","href":"https:\/\/api.w.org\/{rel}","templated":true}]}}