{"id":53719,"date":"2023-11-23T10:57:26","date_gmt":"2023-11-23T09:57:26","guid":{"rendered":"https:\/\/www.vidademadrid.com\/es\/?p=53719"},"modified":"2023-11-23T10:57:29","modified_gmt":"2023-11-23T09:57:29","slug":"metro-sol-cierre-fechas-horarios-estacion-cerrada-noviembre-diciembre-2023","status":"publish","type":"post","link":"https:\/\/www.vidademadrid.com\/es\/53719\/metro-sol-cierre-fechas-horarios-estacion-cerrada-noviembre-diciembre-2023\/","title":{"rendered":"Metro Sol: horarios especiales de cierre de la estaci\u00f3n en noviembre y diciembre 2023"},"content":{"rendered":"<p>Empieza el periodo navide\u00f1o y la Puerta del Sol se prepara para vivir las celebraciones. Por eso, en distintos d\u00edas se proporcionar\u00e1 el <strong>cierre de la estaci\u00f3n de Metro de Madrid de Sol<\/strong> en los momentos de mayor aforo de la plaza. Sigue leyendo para conocer toda la informaci\u00f3n y los horarios.<\/p>\n<h2>Estaci\u00f3n Metro Sol: horarios especiales de cierre en noviembre 2023<\/h2>\n<p><script async=\"\" src=\"https:\/\/pagead2.googlesyndication.com\/pagead\/js\/adsbygoogle.js\"><\/script> <ins class=\"adsbygoogle\" style=\"display: block; text-align: center;\" data-ad-layout=\"in-article\" data-ad-format=\"fluid\" data-ad-client=\"ca-pub-7450064428034605\" data-ad-slot=\"5670045061\"><\/ins> <script>(adsbygoogle = window.adsbygoogle || []).push({});<\/script><\/p>\n<p>Los primeros cierres ya anunciados en la estaci\u00f3n de Sol de Metro de Madrid (l\u00edneas 1, 2 y 3) ser\u00e1n por el <a href=\"https:\/\/www.vidademadrid.com\/es\/53114\/encendido-luces-navidad-fecha-hora-madrid-2023\/\">encendido de las luces de Navidad<\/a> y <a href=\"https:\/\/www.vidademadrid.com\/es\/53394\/black-friday-2023-madrid-fecha-descuentos\/\">fin de semana de Black Friday<\/a>. La Comunidad de Madrid ha comunicado que <strong>la estaci\u00f3n de Sol estar\u00e1 cerrada entre las 18:00 y las 21:00 horas del jueves 23, viernes 24 y s\u00e1bado 25 de noviembre<\/strong>.<\/p>\n<p>Los cierres se deben a las esperadas aglomeraciones en la plaza, adem\u00e1s no se descarta que los horarios de cierre puedan ampliarse seg\u00fan la situaci\u00f3n en cada momento.<\/p>\n<h2>M\u00e1s cambios en el transporte p\u00fablico en Madrid en noviembre 2023<\/h2>\n<p><script async=\"\" src=\"https:\/\/pagead2.googlesyndication.com\/pagead\/js\/adsbygoogle.js\"><\/script><\/p>\n<p><!-- Vertical2020 --><ins class=\"adsbygoogle\" style=\"display: block;\" data-ad-client=\"ca-pub-7450064428034605\" data-ad-slot=\"4377430105\" data-ad-format=\"auto\" data-full-width-responsive=\"true\"><\/ins><script>(adsbygoogle = window.adsbygoogle || []).push({});<\/script><\/p>\n<p>Entre las otras medidas, el Ayuntamiento de Madrid ha anunciado la gratuidad de los autobuses de todas las l\u00edneas de <strong>EMT Madrid<\/strong> (excepto Express Aeropuerto) el viernes 24, s\u00e1bado 25 y domingo 26. <a href=\"https:\/\/www.vidademadrid.com\/es\/53581\/autobuses-gratuitos-black-friday-emt-2023\/\">M\u00e1s info aqu\u00ed<\/a>. Adem\u00e1s, habr\u00e1 refuerzo de 18 l\u00edneas de EMT Madrid: 1, 14, 21, 27, 31, 35, 53, C1, C2, 77, 128, 142, 146, 147, 150, E1, E3 y E4.<\/p>\n<p>Por motivo de los cortes de tr\u00e1fico previstos el jueves 23, habr\u00e1 <strong>desv\u00edos en las l\u00edneas EMT<\/strong> Madrid 002, 5, 15, 20, 51, 53, 150, M1 y SE-712.<\/p>\n<p>Las siete estaciones de <strong>BiciMad<\/strong> en proximidad de Puerta del Sol estar\u00e1n cerradas durante toda la temporada navide\u00f1a (del 22 de noviembre hasta el 8 de enero). Son las estaciones 25 a\/b, 31, 32, 33, 34, 56 y 210.<\/p>\n<p>Por otro lado, <strong>Cercan\u00edas Madrid<\/strong> ha comunicado que el jueves 23 de noviembre la estaci\u00f3n de Sol estar\u00e1 cerrada de 18:30 h a 20:00 h.<\/p>\n<p><em>Actualizaremos este art\u00edculo en cuanto se comuniquen m\u00e1s variaciones en el transporte p\u00fablico en Madrid durante estas fechas navide\u00f1as.<\/em><\/p>\n","protected":false},"excerpt":{"rendered":"<p>Informaci\u00f3n actualizada <\/p>\n","protected":false},"author":5,"featured_media":46985,"comment_status":"open","ping_status":"open","sticky":false,"template":"","format":"standard","meta":{"footnotes":""},"categories":[12,23],"tags":[],"class_list":{"0":"post-53719","1":"post","2":"type-post","3":"status-publish","4":"format-standard","5":"has-post-thumbnail","7":"category-actualidad-noticias-madrid","8":"category-transportes-huelgas-madrid"},"_links":{"self":[{"href":"https:\/\/www.vidademadrid.com\/es\/wp-json\/wp\/v2\/posts\/53719","targetHints":{"allow":["GET"]}}],"collection":[{"href":"https:\/\/www.vidademadrid.com\/es\/wp-json\/wp\/v2\/posts"}],"about":[{"href":"https:\/\/www.vidademadrid.com\/es\/wp-json\/wp\/v2\/types\/post"}],"author":[{"embeddable":true,"href":"https:\/\/www.vidademadrid.com\/es\/wp-json\/wp\/v2\/users\/5"}],"replies":[{"embeddable":true,"href":"https:\/\/www.vidademadrid.com\/es\/wp-json\/wp\/v2\/comments?post=53719"}],"version-history":[{"count":1,"href":"https:\/\/www.vidademadrid.com\/es\/wp-json\/wp\/v2\/posts\/53719\/revisions"}],"predecessor-version":[{"id":53721,"href":"https:\/\/www.vidademadrid.com\/es\/wp-json\/wp\/v2\/posts\/53719\/revisions\/53721"}],"wp:featuredmedia":[{"embeddable":true,"href":"https:\/\/www.vidademadrid.com\/es\/wp-json\/wp\/v2\/media\/46985"}],"wp:attachment":[{"href":"https:\/\/www.vidademadrid.com\/es\/wp-json\/wp\/v2\/media?parent=53719"}],"wp:term":[{"taxonomy":"category","embeddable":true,"href":"https:\/\/www.vidademadrid.com\/es\/wp-json\/wp\/v2\/categories?post=53719"},{"taxonomy":"post_tag","embeddable":true,"href":"https:\/\/www.vidademadrid.com\/es\/wp-json\/wp\/v2\/tags?post=53719"}],"curies":[{"name":"wp","href":"https:\/\/api.w.org\/{rel}","templated":true}]}}