{"id":5359,"date":"2016-10-26T10:33:48","date_gmt":"2016-10-26T08:33:48","guid":{"rendered":"http:\/\/www.vidademadrid.com\/es\/?p=5359"},"modified":"2016-10-26T10:41:03","modified_gmt":"2016-10-26T08:41:03","slug":"huelga-metro-ligero-madrid-octubre-noviembre-2016","status":"publish","type":"post","link":"https:\/\/www.vidademadrid.com\/es\/5359\/huelga-metro-ligero-madrid-octubre-noviembre-2016\/","title":{"rendered":"Huelga Metro ligero oeste Madrid, 28 octubre 2016: horarios paro ML2, ML3"},"content":{"rendered":"<p>Ocho jornadas de huelga con paros parciales en <strong>Metro ligero oeste Madrid<\/strong>. ML2 y ML3 tendr\u00e1n paros los pr\u00f3ximos viernes y lunes.<br \/>\n<script async src=\"\/\/pagead2.googlesyndication.com\/pagead\/js\/adsbygoogle.js\"><\/script> <!-- Vida vertical --> <ins class=\"adsbygoogle\" style=\"display:inline-block;width:300px;height:600px\" data-ad-client=\"ca-pub-7450064428034605\" data-ad-slot=\"7296098777\"><\/ins> <script> (adsbygoogle = window.adsbygoogle || []).push({}); <\/script><br \/>\nEl primer d\u00eda de huelga es <strong>viernes 28 octubre 2016<\/strong>: servicio afectado desde las 13:00 a las 16:00 horas.<\/p>\n<p>No ser\u00e1 el \u00fanico d\u00eda de paro, aqu\u00ed est\u00e1n los pr\u00f3ximos:<br \/>\n<script async src=\"\/\/pagead2.googlesyndication.com\/pagead\/js\/adsbygoogle.js\"><\/script> <!-- Vida-titolo-2 --> <ins class=\"adsbygoogle\" style=\"display:block\" data-ad-client=\"ca-pub-7450064428034605\" data-ad-slot=\"8808233172\" data-ad-format=\"link\"><\/ins> <script> (adsbygoogle = window.adsbygoogle || []).push({}); <\/script> <\/p>\n<p>28 octubre 2016 entre las 13 y las 16h<br \/>\n31 octubre 2016 entre las 7 y las 9.30h<br \/>\n4 noviembre 2016 entre las 13 y las 16h<br \/>\n7 noviembre 2016 entre las 7 y las 9.30h<br \/>\n11 noviembre 2016 entre las 13 y las 16h<br \/>\n14 noviembre 2016 entre las 7 y las 9.30h<br \/>\n18 noviembre 2016 entre las 13 y las 16h<br \/>\n21 noviembre 2016 entre las 7 y las 9.30h<\/p>\n<p>La Consejer\u00eda de Transportes de la Comunidad de Madrid ha establecido <strong>servicios m\u00ednimos del 56% en ML2 y 58% en ML3 en horario de ma\u00f1ana<\/strong> y del <strong>50% en horario de tarde en ML2 y ML3<\/strong>. Todo normal en los otros horarios.<br \/>\n<script async src=\"\/\/pagead2.googlesyndication.com\/pagead\/js\/adsbygoogle.js\"><\/script> <!-- Vida 1 --> <ins class=\"adsbygoogle\" style=\"display:block\" data-ad-client=\"ca-pub-7450064428034605\" data-ad-slot=\"2284573579\" data-ad-format=\"auto\"><\/ins> <script> (adsbygoogle = window.adsbygoogle || []).push({}); <\/script> <\/p>\n","protected":false},"excerpt":{"rendered":"<p>Ocho jornadas de huelga con paros parciales en Metro ligero oeste Madrid. ML2 y ML3 tendr\u00e1n paros los pr\u00f3ximos viernes y lunes. El primer d\u00eda de huelga es viernes 28 octubre 2016: servicio afectado desde las 13:00 a las 16:00 horas. No ser\u00e1 el \u00fanico d\u00eda de paro, aqu\u00ed est\u00e1n los pr\u00f3ximos: 28 octubre 2016 [&hellip;]<\/p>\n","protected":false},"author":1,"featured_media":0,"comment_status":"open","ping_status":"open","sticky":false,"template":"","format":"standard","meta":{"footnotes":""},"categories":[23],"tags":[],"class_list":{"0":"post-5359","1":"post","2":"type-post","3":"status-publish","4":"format-standard","6":"category-transportes-huelgas-madrid"},"_links":{"self":[{"href":"https:\/\/www.vidademadrid.com\/es\/wp-json\/wp\/v2\/posts\/5359","targetHints":{"allow":["GET"]}}],"collection":[{"href":"https:\/\/www.vidademadrid.com\/es\/wp-json\/wp\/v2\/posts"}],"about":[{"href":"https:\/\/www.vidademadrid.com\/es\/wp-json\/wp\/v2\/types\/post"}],"author":[{"embeddable":true,"href":"https:\/\/www.vidademadrid.com\/es\/wp-json\/wp\/v2\/users\/1"}],"replies":[{"embeddable":true,"href":"https:\/\/www.vidademadrid.com\/es\/wp-json\/wp\/v2\/comments?post=5359"}],"version-history":[{"count":4,"href":"https:\/\/www.vidademadrid.com\/es\/wp-json\/wp\/v2\/posts\/5359\/revisions"}],"predecessor-version":[{"id":5363,"href":"https:\/\/www.vidademadrid.com\/es\/wp-json\/wp\/v2\/posts\/5359\/revisions\/5363"}],"wp:attachment":[{"href":"https:\/\/www.vidademadrid.com\/es\/wp-json\/wp\/v2\/media?parent=5359"}],"wp:term":[{"taxonomy":"category","embeddable":true,"href":"https:\/\/www.vidademadrid.com\/es\/wp-json\/wp\/v2\/categories?post=5359"},{"taxonomy":"post_tag","embeddable":true,"href":"https:\/\/www.vidademadrid.com\/es\/wp-json\/wp\/v2\/tags?post=5359"}],"curies":[{"name":"wp","href":"https:\/\/api.w.org\/{rel}","templated":true}]}}