{"id":53566,"date":"2023-11-16T09:56:55","date_gmt":"2023-11-16T08:56:55","guid":{"rendered":"https:\/\/www.vidademadrid.com\/es\/?p=53566"},"modified":"2023-11-16T09:56:58","modified_gmt":"2023-11-16T08:56:58","slug":"naviluz-2023-fechas-recorrido-entradas","status":"publish","type":"post","link":"https:\/\/www.vidademadrid.com\/es\/53566\/naviluz-2023-fechas-recorrido-entradas\/","title":{"rendered":"Vuelve Naviluz 2023 para disfrutar de las luces navide\u00f1as: fechas, recorrido y entradas"},"content":{"rendered":"<p>Estas navidades vuelve&nbsp;<strong>Naviluz&nbsp;<\/strong>para disfrutar de las luces de la ciudad, viviendo al magia de la Navidad de una forma diferente, recorriendo la ciudad a bordo de este autob\u00fas mientras se descubre la decoraci\u00f3n navide\u00f1a.&nbsp;<\/p>\n<h2>Naviluz 2023<\/h2>\n<p><script async=\"\" src=\"https:\/\/pagead2.googlesyndication.com\/pagead\/js\/adsbygoogle.js\"><\/script> <ins class=\"adsbygoogle\" style=\"display:block\" data-ad-format=\"fluid\" data-ad-layout-key=\"-7f+eo+1+2-5\" data-ad-client=\"ca-pub-7450064428034605\" data-ad-slot=\"7327027071\"><\/ins><script>(adsbygoogle = window.adsbygoogle || []).push({});<\/script>Las luces de Navidad iluminar\u00e1n las calles de Madrid muy pronto y con eso, vuelve&nbsp;<strong>Naviluz,&nbsp;<\/strong>el autob\u00fas que recorre las calles de Madrid descubriendo la decoraci\u00f3n navide\u00f1a del centro de Madrid.&nbsp;<\/p>\n<h2>Naviluz 2023: fechas<\/h2>\n<p><script async=\"\" src=\"https:\/\/pagead2.googlesyndication.com\/pagead\/js\/adsbygoogle.js\"><\/script> <ins class=\"adsbygoogle\" style=\"display:block; text-align:center;\" data-ad-layout=\"in-article\" data-ad-format=\"fluid\" data-ad-client=\"ca-pub-7450064428034605\" data-ad-slot=\"5670045061\"><\/ins> <script>(adsbygoogle = window.adsbygoogle || []).push({});<\/script><strong>Naviluz&nbsp;<\/strong>comenzar\u00e1 a circular desde el&nbsp;<strong>24 de noviembre,<\/strong> tras el encendido por parte del Ayuntamiento a las 19 horas,<strong>&nbsp;<\/strong>hasta el&nbsp;<strong>7 de enero de 2024.&nbsp;<\/strong>Los servicios se prestar\u00e1n todos los d\u00edas excepto el&nbsp;<strong>24 de diciembre, 31 de diciembre y 5 de enero.&nbsp;<\/strong><\/p>\n<h2>Naviluz 2023: salida y recorrido&nbsp;<\/h2>\n<p>Este a\u00f1o, el lugar de ascenso y descenso ha cambiado.&nbsp;<strong>Naviluz&nbsp;<\/strong>saldr\u00e1 desde la calle Felipe IV, al lado del Museo del Prado y llegar\u00e1 a la Plaza C\u00e1novas del Castillo.&nbsp;<\/p>\n<p>Se ruega no llegar con m\u00e1s de 5 minutos de antelaci\u00f3n de la hora de salida del autob\u00fas para evitar aglomeraciones.&nbsp;<\/p>\n<h3>Recorrido&nbsp;<\/h3>\n<p>Aunque los itinerarios pueden cambiar por la climatolog\u00eda, el tr\u00e1fico u otras circunstancias, el recorrido establecido es:&nbsp;<\/p>\n<p>Salida de calle Felipe IV, Alfonso XII, Puerta de Alcal\u00e1, Vel\u00e1zquez, Goya, Serrano, Plaza de Col\u00f3n, Puerta de Alcal\u00e1, Cibeles, Alcal\u00e1, Virgen de los Peligros, Clavel, Gran V\u00eda, Alcal\u00e1, Sevilla, Plaza de Canalejas, Carrera de San Jer\u00f3nimo, Plaza de las Cortes, Neptuno, Paseo del Prado, Glorieta del Emperador Carlos V, Paseo del Prado, Plaza C\u00e1novas del Castillo.<\/p>\n<p>La duraci\u00f3n del recorrido es de&nbsp;<strong>50 minutos.&nbsp;<\/strong><\/p>\n<h2>Naviluz 2023: entradas y horarios<\/h2>\n<p>Los billetes ya est\u00e1n a la venta en este <a href=\"http:\/\/www.naviluz.es\">enlace<\/a>. Al subir al autob\u00fas no es necesario llevarlo impreso. Los precios son de 7 euros para personas de 12 a 64 a\u00f1os, 3 euros para los mayores, las personas con m\u00e1s de 33% de discapacidad y los ni\u00f1os.<\/p>\n<p>Los horarios son:&nbsp;<\/p>\n<p>18:00, 18:05, 18:10, 18:15, 18:20, 18:30, 18:40, 18:50, 19:00, 19:05, 19:10, 19:15, 19:20, 19:30, 19:40, 19:50,<br \/>\n20:00, 20:05, 20:10, 20:15, 20:20, 20:30, 20:40, 20:50, 21:00, 21:05, 21:10, 21:15, 21:20, 21:30, 21:40 y 21:50.<\/p>\n","protected":false},"excerpt":{"rendered":"<p>Este a\u00f1o, cambia el lugar de salida y llegada. <\/p>\n","protected":false},"author":15,"featured_media":53567,"comment_status":"open","ping_status":"open","sticky":false,"template":"","format":"standard","meta":{"footnotes":""},"categories":[101],"tags":[],"class_list":{"0":"post-53566","1":"post","2":"type-post","3":"status-publish","4":"format-standard","5":"has-post-thumbnail","7":"category-ferias-fiestas-mercados-madrid"},"_links":{"self":[{"href":"https:\/\/www.vidademadrid.com\/es\/wp-json\/wp\/v2\/posts\/53566","targetHints":{"allow":["GET"]}}],"collection":[{"href":"https:\/\/www.vidademadrid.com\/es\/wp-json\/wp\/v2\/posts"}],"about":[{"href":"https:\/\/www.vidademadrid.com\/es\/wp-json\/wp\/v2\/types\/post"}],"author":[{"embeddable":true,"href":"https:\/\/www.vidademadrid.com\/es\/wp-json\/wp\/v2\/users\/15"}],"replies":[{"embeddable":true,"href":"https:\/\/www.vidademadrid.com\/es\/wp-json\/wp\/v2\/comments?post=53566"}],"version-history":[{"count":2,"href":"https:\/\/www.vidademadrid.com\/es\/wp-json\/wp\/v2\/posts\/53566\/revisions"}],"predecessor-version":[{"id":53569,"href":"https:\/\/www.vidademadrid.com\/es\/wp-json\/wp\/v2\/posts\/53566\/revisions\/53569"}],"wp:featuredmedia":[{"embeddable":true,"href":"https:\/\/www.vidademadrid.com\/es\/wp-json\/wp\/v2\/media\/53567"}],"wp:attachment":[{"href":"https:\/\/www.vidademadrid.com\/es\/wp-json\/wp\/v2\/media?parent=53566"}],"wp:term":[{"taxonomy":"category","embeddable":true,"href":"https:\/\/www.vidademadrid.com\/es\/wp-json\/wp\/v2\/categories?post=53566"},{"taxonomy":"post_tag","embeddable":true,"href":"https:\/\/www.vidademadrid.com\/es\/wp-json\/wp\/v2\/tags?post=53566"}],"curies":[{"name":"wp","href":"https:\/\/api.w.org\/{rel}","templated":true}]}}