{"id":53256,"date":"2023-10-26T12:12:59","date_gmt":"2023-10-26T10:12:59","guid":{"rendered":"https:\/\/www.vidademadrid.com\/es\/?p=53256"},"modified":"2023-10-26T12:14:34","modified_gmt":"2023-10-26T10:14:34","slug":"mercado-navidad-plaza-mayor-fechas-horario-2023","status":"publish","type":"post","link":"https:\/\/www.vidademadrid.com\/es\/53256\/mercado-navidad-plaza-mayor-fechas-horario-2023\/","title":{"rendered":"El Mercado de Navidad vuelve a la Plaza Mayor este 2023"},"content":{"rendered":"<p>El&nbsp;<strong>Mercado de Navidad de la Plaza Mayor,&nbsp;<\/strong>uno de los m\u00e1s esperados de la temporada, ha anunciado sus fechas de apertura donde ciudadanos y turistas podr\u00e1n encontrar todo tipo de art\u00edculos navide\u00f1os. Te contamos toda la informaci\u00f3n en este art\u00edculo.&nbsp;<\/p>\n<h2>Mercado de Navidad de la Plaza Mayor<\/h2>\n<p><script async=\"\" src=\"https:\/\/pagead2.googlesyndication.com\/pagead\/js\/adsbygoogle.js\"><\/script> <ins class=\"adsbygoogle\" style=\"display:block\" data-ad-format=\"fluid\" data-ad-layout-key=\"-7f+eo+1+2-5\" data-ad-client=\"ca-pub-7450064428034605\" data-ad-slot=\"7327027071\"><\/ins><script>(adsbygoogle = window.adsbygoogle || []).push({});<\/script>El tradicional <strong>Mercado de Navidad&nbsp;<\/strong>llega a la&nbsp;<strong>Plaza Mayor&nbsp;<\/strong>un a\u00f1o m\u00e1s. Este Mercado ofrece&nbsp;<strong>productos navide\u00f1os&nbsp;<\/strong>donde se pueden encontrar&nbsp;<strong>belenes, adornos navide\u00f1os y art\u00edculos de broma.&nbsp;<\/strong><\/p>\n<p>El&nbsp;<strong>Mercado de Navidad&nbsp;<\/strong>data del siglo XVII cuando estaba situado en la plaza de Santa Cruz, ah\u00ed se pod\u00eda comprar frutas y hortalizas, adem\u00e1s de adornos y regalos. Fue en el siglo XIX cuando se traslada a la <strong>Plaza Mayor&nbsp;<\/strong>y se convierte en el mercado de venta de&nbsp;<strong>pavos, turrones y dulces.&nbsp;<\/strong><\/p>\n<p>El&nbsp;<strong>Mercado de Navidad de la Plaza Mayor&nbsp;<\/strong>tiene&nbsp;<strong>104 casetas.<\/strong><\/p>\n<h2>Fechas y horario 2023&nbsp;<\/h2>\n<p><script async=\"\" src=\"https:\/\/pagead2.googlesyndication.com\/pagead\/js\/adsbygoogle.js\"><\/script> <ins class=\"adsbygoogle\" style=\"display:block; text-align:center;\" data-ad-layout=\"in-article\" data-ad-format=\"fluid\" data-ad-client=\"ca-pub-7450064428034605\" data-ad-slot=\"5670045061\"><\/ins> <script>(adsbygoogle = window.adsbygoogle || []).push({});<\/script>El&nbsp;<strong>Mercado de Navidad&nbsp;<\/strong>estar\u00e1 del&nbsp;<strong>24 de noviembre al 31 de diciembre de 2023&nbsp;<\/strong>en la Plaza Mayor (Metro \u00d3pera \/ Sol \/ Tirso de Molina). El horario es de domingo a jueves de 10 a 21 horas y los viernes, s\u00e1bados y v\u00edspera de festivos de 10 a 22 horas.&nbsp;<\/p>\n<p><img decoding=\"async\" src=\"https:\/\/pbs.twimg.com\/media\/F9Sl3gbWEAEFrRu?format=jpg&amp;name=small\" alt=\"Image\"><\/p>\n","protected":false},"excerpt":{"rendered":"<p>Se podr\u00e1 visitar desde el 30 de noviembre. <\/p>\n","protected":false},"author":15,"featured_media":53257,"comment_status":"open","ping_status":"open","sticky":false,"template":"","format":"standard","meta":{"footnotes":""},"categories":[101,187],"tags":[],"class_list":{"0":"post-53256","1":"post","2":"type-post","3":"status-publish","4":"format-standard","5":"has-post-thumbnail","7":"category-ferias-fiestas-mercados-madrid","8":"category-madrid-hoy"},"_links":{"self":[{"href":"https:\/\/www.vidademadrid.com\/es\/wp-json\/wp\/v2\/posts\/53256","targetHints":{"allow":["GET"]}}],"collection":[{"href":"https:\/\/www.vidademadrid.com\/es\/wp-json\/wp\/v2\/posts"}],"about":[{"href":"https:\/\/www.vidademadrid.com\/es\/wp-json\/wp\/v2\/types\/post"}],"author":[{"embeddable":true,"href":"https:\/\/www.vidademadrid.com\/es\/wp-json\/wp\/v2\/users\/15"}],"replies":[{"embeddable":true,"href":"https:\/\/www.vidademadrid.com\/es\/wp-json\/wp\/v2\/comments?post=53256"}],"version-history":[{"count":1,"href":"https:\/\/www.vidademadrid.com\/es\/wp-json\/wp\/v2\/posts\/53256\/revisions"}],"predecessor-version":[{"id":53258,"href":"https:\/\/www.vidademadrid.com\/es\/wp-json\/wp\/v2\/posts\/53256\/revisions\/53258"}],"wp:featuredmedia":[{"embeddable":true,"href":"https:\/\/www.vidademadrid.com\/es\/wp-json\/wp\/v2\/media\/53257"}],"wp:attachment":[{"href":"https:\/\/www.vidademadrid.com\/es\/wp-json\/wp\/v2\/media?parent=53256"}],"wp:term":[{"taxonomy":"category","embeddable":true,"href":"https:\/\/www.vidademadrid.com\/es\/wp-json\/wp\/v2\/categories?post=53256"},{"taxonomy":"post_tag","embeddable":true,"href":"https:\/\/www.vidademadrid.com\/es\/wp-json\/wp\/v2\/tags?post=53256"}],"curies":[{"name":"wp","href":"https:\/\/api.w.org\/{rel}","templated":true}]}}