{"id":53198,"date":"2023-10-25T12:04:11","date_gmt":"2023-10-25T10:04:11","guid":{"rendered":"https:\/\/www.vidademadrid.com\/es\/?p=53198"},"modified":"2023-10-26T17:50:46","modified_gmt":"2023-10-26T15:50:46","slug":"concierto-gratuito-caixaforum-floresta-cristal-2023","status":"publish","type":"post","link":"https:\/\/www.vidademadrid.com\/es\/53198\/concierto-gratuito-caixaforum-floresta-cristal-2023\/","title":{"rendered":"Un concierto gratuito y la obra \u00abFloresta de cristal\u00bb llega al Caixaforum"},"content":{"rendered":"<p>Como parte del programa de\u00a0<strong>Luz Madrid 2023\u00a0<\/strong>llegan al\u00a0<strong>Caixaforum\u00a0<\/strong>dos actividades gratuitas: el\u00a0<strong>microconcirto D\u00fao Wamla\u00a0<\/strong>y la obra\u00a0<strong>Foresta de Cristal.\u00a0<\/strong>Sigue leyendo este art\u00edculo para conocer toda la informaci\u00f3n.<\/p>\n<h2>Actualizaci\u00f3n del 26 de octubre<\/h2>\n<h3>Cancelaci\u00f3n de \u00faltima hora<\/h3>\n<p>El Ayuntamiento comunica que la obra <strong>Floresta de Cristal<\/strong> no ser\u00e1 expuesta por motivos de movilidad.<\/p>\n<h2>Art\u00edculo del 25 de octubre<\/h2>\n<h2>Concierto gratuito en el Caixaforum<\/h2>\n<p><script async=\"\" src=\"https:\/\/pagead2.googlesyndication.com\/pagead\/js\/adsbygoogle.js\"><\/script> <ins class=\"adsbygoogle\" style=\"display: block;\" data-ad-format=\"fluid\" data-ad-layout-key=\"-7f+eo+1+2-5\" data-ad-client=\"ca-pub-7450064428034605\" data-ad-slot=\"7327027071\"><\/ins><script>(adsbygoogle = window.adsbygoogle || []).push({});<\/script>El\u00a0<strong><a href=\"https:\/\/www.vidademadrid.com\/es\/53080\/luz-madrid-2023-parque-retiro-espectaculo-fechas-hora\/\">Festival Luz Madrid<\/a>\u00a0<\/strong>llega al\u00a0<strong>Caixaforum\u00a0<\/strong>con el concierto gratuito de\u00a0<strong>D\u00fao Wamla\u00a0<\/strong>presentado por la flautista malague\u00f1a Clara Gallardo y el pianista madrile\u00f1o Julio Mart\u00edn.<\/p>\n<p>En este microconcierto los espectadores ir\u00e1n en un viaje a trav\u00e9s del imaginario, de paisajes y mundos sonoros evocadores que toman inspiraci\u00f3n en el folclore de Brasil y Argentina y las m\u00fasicas del Mediterr\u00e1neo, el jazz y la m\u00fasica cl\u00e1sica.<\/p>\n<h3>Fecha y hora<\/h3>\n<p>El concierto de D\u00fao Wamla es gratuito y la entrada es libre hasta completar aforo. Ser\u00e1 el\u00a0<strong>27 de octubre\u00a0<\/strong>a las 20.30, 21.30 y 22.30 en la Cafeteria del Caixaforum.<\/p>\n<h2>Floresta de Cristal en el Caixaforum<\/h2>\n<p><script async=\"\" src=\"https:\/\/pagead2.googlesyndication.com\/pagead\/js\/adsbygoogle.js\"><\/script> <ins class=\"adsbygoogle\" style=\"display: block; text-align: center;\" data-ad-layout=\"in-article\" data-ad-format=\"fluid\" data-ad-client=\"ca-pub-7450064428034605\" data-ad-slot=\"5670045061\"><\/ins> <script>(adsbygoogle = window.adsbygoogle || []).push({});<\/script>La\u00a0<strong>floresta de Cristal\u00a0<\/strong>es una reflexi\u00f3n sobre el valor de la naturaleza como\u00a0<strong>inspiraci\u00f3n y modelo para la arquitectura.\u00a0<\/strong>Esta obra de Rosa Mu\u00f1oz llega al jard\u00edn vertical del Caixaforum para recrear un escenario qeu recrea un escenario que trae hermosas vidrieras florales a nuestra memoria.<\/p>\n<p>Esta obra ha sido dise\u00f1ada especializada para\u00a0<strong>Luz Madrid 2023.\u00a0<\/strong><\/p>\n<h3>Fecha y hora<\/h3>\n<p>Se podr\u00e1 ver\u00a0<strong>la Floresta de Cristal\u00a0<\/strong>el 27, 28 y 29 de octubre de 20 a 01 horas.<\/p>\n","protected":false},"excerpt":{"rendered":"<p>El acceso es gratuito. <\/p>\n","protected":false},"author":15,"featured_media":53199,"comment_status":"open","ping_status":"open","sticky":false,"template":"","format":"standard","meta":{"footnotes":""},"categories":[22,101],"tags":[],"class_list":{"0":"post-53198","1":"post","2":"type-post","3":"status-publish","4":"format-standard","5":"has-post-thumbnail","7":"category-conciertos-madrid","8":"category-ferias-fiestas-mercados-madrid"},"_links":{"self":[{"href":"https:\/\/www.vidademadrid.com\/es\/wp-json\/wp\/v2\/posts\/53198","targetHints":{"allow":["GET"]}}],"collection":[{"href":"https:\/\/www.vidademadrid.com\/es\/wp-json\/wp\/v2\/posts"}],"about":[{"href":"https:\/\/www.vidademadrid.com\/es\/wp-json\/wp\/v2\/types\/post"}],"author":[{"embeddable":true,"href":"https:\/\/www.vidademadrid.com\/es\/wp-json\/wp\/v2\/users\/15"}],"replies":[{"embeddable":true,"href":"https:\/\/www.vidademadrid.com\/es\/wp-json\/wp\/v2\/comments?post=53198"}],"version-history":[{"count":3,"href":"https:\/\/www.vidademadrid.com\/es\/wp-json\/wp\/v2\/posts\/53198\/revisions"}],"predecessor-version":[{"id":53269,"href":"https:\/\/www.vidademadrid.com\/es\/wp-json\/wp\/v2\/posts\/53198\/revisions\/53269"}],"wp:featuredmedia":[{"embeddable":true,"href":"https:\/\/www.vidademadrid.com\/es\/wp-json\/wp\/v2\/media\/53199"}],"wp:attachment":[{"href":"https:\/\/www.vidademadrid.com\/es\/wp-json\/wp\/v2\/media?parent=53198"}],"wp:term":[{"taxonomy":"category","embeddable":true,"href":"https:\/\/www.vidademadrid.com\/es\/wp-json\/wp\/v2\/categories?post=53198"},{"taxonomy":"post_tag","embeddable":true,"href":"https:\/\/www.vidademadrid.com\/es\/wp-json\/wp\/v2\/tags?post=53198"}],"curies":[{"name":"wp","href":"https:\/\/api.w.org\/{rel}","templated":true}]}}