{"id":53150,"date":"2023-10-23T12:29:59","date_gmt":"2023-10-23T10:29:59","guid":{"rendered":"https:\/\/www.vidademadrid.com\/es\/?p=53150"},"modified":"2023-10-23T16:00:57","modified_gmt":"2023-10-23T14:00:57","slug":"halloween-irlandes-programa-actividades-madrid-2023","status":"publish","type":"post","link":"https:\/\/www.vidademadrid.com\/es\/53150\/halloween-irlandes-programa-actividades-madrid-2023\/","title":{"rendered":"Celebra Halloween 2023 con m\u00fasica, gastronom\u00eda y microteatro en Halloween es Irland\u00e9s"},"content":{"rendered":"<p>Este a\u00f1o, vuelve a Madrid la celebraci\u00f3n de <strong>Halloween es Irland\u00e9s\u00a0<\/strong>con actividades musicales, gastron\u00f3micas y culturales para conocer m\u00e1s sobre esta celebraci\u00f3n, originaria de\u00a0<strong>Irlanda.\u00a0<\/strong>Sigue leyendo este art\u00edculo para conocer toda la informaci\u00f3n.<\/p>\n<h2>Halloween en Irlanda<\/h2>\n<p><script async=\"\" src=\"https:\/\/pagead2.googlesyndication.com\/pagead\/js\/adsbygoogle.js\"><\/script> <ins class=\"adsbygoogle\" style=\"display: block;\" data-ad-format=\"fluid\" data-ad-layout-key=\"-7f+eo+1+2-5\" data-ad-client=\"ca-pub-7450064428034605\" data-ad-slot=\"7327027071\"><\/ins><script>(adsbygoogle = window.adsbygoogle || []).push({});<\/script>Las celebraciones de\u00a0<strong>Halloween\u00a0<\/strong>llegan a Madrid. Esta festividad, que se origin\u00f3 en Irlanda hace m\u00e1s de 2.000 a\u00f1os, llegar\u00e1 a la ciudad con personajes, tradiciones y leyendas que forman parte de las celebraciones de\u00a0<strong>Halloween.\u00a0<\/strong><\/p>\n<p>Para celebrar este a\u00f1o, habr\u00e1 distintas actividades como el tradicional \u00abtruco o trato\u00bb, actuaciones de microteatro, degustar el tradicional Barmbrack y conocer las leyendas, m\u00fasica y danza irlandesa.<\/p>\n<h2>Programa de actividades<\/h2>\n<p><script async=\"\" src=\"https:\/\/pagead2.googlesyndication.com\/pagead\/js\/adsbygoogle.js\"><\/script> <ins class=\"adsbygoogle\" style=\"display: block; text-align: center;\" data-ad-layout=\"in-article\" data-ad-format=\"fluid\" data-ad-client=\"ca-pub-7450064428034605\" data-ad-slot=\"5670045061\"><\/ins> <script>(adsbygoogle = window.adsbygoogle || []).push({});<\/script>Las actividades de <strong>Halloween es Irland\u00e9s\u00a0<\/strong>ser\u00e1n del\u00a0<strong>25 al 31 de octubre de 2023\u00a0<\/strong>en el\u00a0<strong>Mercado de la Paz.\u00a0<\/strong><\/p>\n<p><img decoding=\"async\" src=\"https:\/\/images.ireland.com\/media\/Images\/features\/spain\/Halloween\/74011900ae9a4e0393acb51c28e23b95.jpg?w=1934\" alt=\"Halloween 2023 schedule_web_final\" \/><\/p>\n","protected":false},"excerpt":{"rendered":"<p>Habr\u00e1 actividades musicales, gastron\u00f3micas y de microteatro. <\/p>\n","protected":false},"author":15,"featured_media":53151,"comment_status":"open","ping_status":"open","sticky":false,"template":"","format":"standard","meta":{"footnotes":""},"categories":[101],"tags":[],"class_list":{"0":"post-53150","1":"post","2":"type-post","3":"status-publish","4":"format-standard","5":"has-post-thumbnail","7":"category-ferias-fiestas-mercados-madrid"},"_links":{"self":[{"href":"https:\/\/www.vidademadrid.com\/es\/wp-json\/wp\/v2\/posts\/53150","targetHints":{"allow":["GET"]}}],"collection":[{"href":"https:\/\/www.vidademadrid.com\/es\/wp-json\/wp\/v2\/posts"}],"about":[{"href":"https:\/\/www.vidademadrid.com\/es\/wp-json\/wp\/v2\/types\/post"}],"author":[{"embeddable":true,"href":"https:\/\/www.vidademadrid.com\/es\/wp-json\/wp\/v2\/users\/15"}],"replies":[{"embeddable":true,"href":"https:\/\/www.vidademadrid.com\/es\/wp-json\/wp\/v2\/comments?post=53150"}],"version-history":[{"count":3,"href":"https:\/\/www.vidademadrid.com\/es\/wp-json\/wp\/v2\/posts\/53150\/revisions"}],"predecessor-version":[{"id":53169,"href":"https:\/\/www.vidademadrid.com\/es\/wp-json\/wp\/v2\/posts\/53150\/revisions\/53169"}],"wp:featuredmedia":[{"embeddable":true,"href":"https:\/\/www.vidademadrid.com\/es\/wp-json\/wp\/v2\/media\/53151"}],"wp:attachment":[{"href":"https:\/\/www.vidademadrid.com\/es\/wp-json\/wp\/v2\/media?parent=53150"}],"wp:term":[{"taxonomy":"category","embeddable":true,"href":"https:\/\/www.vidademadrid.com\/es\/wp-json\/wp\/v2\/categories?post=53150"},{"taxonomy":"post_tag","embeddable":true,"href":"https:\/\/www.vidademadrid.com\/es\/wp-json\/wp\/v2\/tags?post=53150"}],"curies":[{"name":"wp","href":"https:\/\/api.w.org\/{rel}","templated":true}]}}