{"id":53114,"date":"2023-11-22T15:30:00","date_gmt":"2023-11-22T14:30:00","guid":{"rendered":"https:\/\/www.vidademadrid.com\/es\/?p=53114"},"modified":"2023-11-22T15:58:59","modified_gmt":"2023-11-22T14:58:59","slug":"encendido-luces-navidad-fecha-hora-madrid-2023","status":"publish","type":"post","link":"https:\/\/www.vidademadrid.com\/es\/53114\/encendido-luces-navidad-fecha-hora-madrid-2023\/","title":{"rendered":"As\u00ed ser\u00e1 el encendido de las luces de Navidad 2023 en Madrid"},"content":{"rendered":"<p>La Navidad llegar\u00e1 muy pronto a Madrid. El\u00a0<strong>encendido de las luces de Navidad\u00a0<\/strong>ser\u00e1 la \u00faltima semana de noviembre y este a\u00f1o Madrid tendr\u00e1 m\u00e1s de\u00a0<strong>230 emplazamientos.\u00a0<\/strong>Sigue leyendo este art\u00edculo para conocer toda la informaci\u00f3n.<\/p>\n<h2>Actualizaci\u00f3n del 22 de noviembre<\/h2>\n<h3>As\u00ed ser\u00e1 el encendido en Sol<\/h3>\n<p>Ma\u00f1ana, <strong>23 de noviembre<\/strong>, tendr\u00e1 lugar el encendido oficial de las luces de Navidad del Ayuntamiento de Madrid. <strong>El evento ser\u00e1 de 19.00 a 19.50 horas en la Puerta del Sol<\/strong> y terminar\u00e1 con los <strong>fuegos artificiales<\/strong>.<\/p>\n<p>El encendido ser\u00e1 a cargo de <strong>los actores de Campeones<\/strong> y de <strong>personajes Disney<\/strong> a\u00fan no comunicados.<\/p>\n<p>El Ayuntamiento prev\u00e9 la asistencia de 12 mil personas y podr\u00e1 haber restricciones de entrada a la plaza por temas de aforo. Adem\u00e1s, las estaciones de Metro y Cercan\u00edas de Sol se cerrar\u00e1n.<\/p>\n<h2>Art\u00edculo del 20 de octubre<\/h2>\n<h3>Encendido de las luces de Navidad<\/h3>\n<p><script async=\"\" src=\"https:\/\/pagead2.googlesyndication.com\/pagead\/js\/adsbygoogle.js\"><\/script> <ins class=\"adsbygoogle\" style=\"display: block;\" data-ad-format=\"fluid\" data-ad-layout-key=\"-7f+eo+1+2-5\" data-ad-client=\"ca-pub-7450064428034605\" data-ad-slot=\"7327027071\"><\/ins><script>(adsbygoogle = window.adsbygoogle || []).push({});<\/script>El\u00a0<strong>Ayuntamiento de Madrid\u00a0<\/strong>ha anunciado la fecha oficial del\u00a0<strong>encendido de las luces de Navidad\u00a0<\/strong>que este a\u00f1o tendr\u00e1n m\u00e1s de\u00a0<strong>230 emplazamientos en los 21 distritos.\u00a0<\/strong><\/p>\n<p>Estos emplazamientos incluir\u00e1n\u00a0<strong>6 mil 600 cadenetas, 115 cerezos, la gran bola de Navidad,<\/strong> en su <a href=\"https:\/\/www.vidademadrid.com\/es\/53099\/bola-gigante-navidad-nueva-ubicacion-plaza-espana-2023\/\">nuevo sitio<\/a>,<strong>\u00a0y once grandes abetos luminosos. <\/strong>Adem\u00e1s, se mantendr\u00e1n los tradicionales belenes figurativos en puertas hist\u00f3ricas como la de\u00a0<strong>Alcal\u00e1, la puerta de Toledo y la Plaza Mayor.\u00a0<\/strong><\/p>\n<p>La gran menina volver\u00e1 al Paseo del Prado y el nacimiento gigante estar\u00e1 en Col\u00f3n.<\/p>\n<h3>Fecha y hora del encendido de luces de Navidad<\/h3>\n<p><script async=\"\" src=\"https:\/\/pagead2.googlesyndication.com\/pagead\/js\/adsbygoogle.js\"><\/script> <ins class=\"adsbygoogle\" style=\"display: block; text-align: center;\" data-ad-layout=\"in-article\" data-ad-format=\"fluid\" data-ad-client=\"ca-pub-7450064428034605\" data-ad-slot=\"5670045061\"><\/ins> <script>(adsbygoogle = window.adsbygoogle || []).push({});<\/script>Las\u00a0<strong>luces de Navidad\u00a0<\/strong>se encender\u00e1n el\u00a0<strong>jueves 23 de noviembre\u00a0<\/strong>a las\u00a0<strong>19 horas\u00a0<\/strong>en la nueva Puerta del Sol<\/p>\n","protected":false},"excerpt":{"rendered":"<p>Con fuegos artificiales<\/p>\n","protected":false},"author":15,"featured_media":53115,"comment_status":"open","ping_status":"closed","sticky":false,"template":"","format":"standard","meta":{"footnotes":""},"categories":[12,115],"tags":[],"class_list":{"0":"post-53114","1":"post","2":"type-post","3":"status-publish","4":"format-standard","5":"has-post-thumbnail","7":"category-actualidad-noticias-madrid","8":"category-planes-del-momento-madrid"},"_links":{"self":[{"href":"https:\/\/www.vidademadrid.com\/es\/wp-json\/wp\/v2\/posts\/53114","targetHints":{"allow":["GET"]}}],"collection":[{"href":"https:\/\/www.vidademadrid.com\/es\/wp-json\/wp\/v2\/posts"}],"about":[{"href":"https:\/\/www.vidademadrid.com\/es\/wp-json\/wp\/v2\/types\/post"}],"author":[{"embeddable":true,"href":"https:\/\/www.vidademadrid.com\/es\/wp-json\/wp\/v2\/users\/15"}],"replies":[{"embeddable":true,"href":"https:\/\/www.vidademadrid.com\/es\/wp-json\/wp\/v2\/comments?post=53114"}],"version-history":[{"count":3,"href":"https:\/\/www.vidademadrid.com\/es\/wp-json\/wp\/v2\/posts\/53114\/revisions"}],"predecessor-version":[{"id":53687,"href":"https:\/\/www.vidademadrid.com\/es\/wp-json\/wp\/v2\/posts\/53114\/revisions\/53687"}],"wp:featuredmedia":[{"embeddable":true,"href":"https:\/\/www.vidademadrid.com\/es\/wp-json\/wp\/v2\/media\/53115"}],"wp:attachment":[{"href":"https:\/\/www.vidademadrid.com\/es\/wp-json\/wp\/v2\/media?parent=53114"}],"wp:term":[{"taxonomy":"category","embeddable":true,"href":"https:\/\/www.vidademadrid.com\/es\/wp-json\/wp\/v2\/categories?post=53114"},{"taxonomy":"post_tag","embeddable":true,"href":"https:\/\/www.vidademadrid.com\/es\/wp-json\/wp\/v2\/tags?post=53114"}],"curies":[{"name":"wp","href":"https:\/\/api.w.org\/{rel}","templated":true}]}}