{"id":52698,"date":"2023-09-24T17:14:08","date_gmt":"2023-09-24T15:14:08","guid":{"rendered":"https:\/\/www.vidademadrid.com\/es\/?p=52698"},"modified":"2023-09-25T12:39:17","modified_gmt":"2023-09-25T10:39:17","slug":"visitas-guiadas-basilica-atocha-pantheon-espana","status":"publish","type":"post","link":"https:\/\/www.vidademadrid.com\/es\/52698\/visitas-guiadas-basilica-atocha-pantheon-espana\/","title":{"rendered":"Nuevas visitas guiadas a la Bas\u00edlica de Atocha y al Pante\u00f3n de Espa\u00f1a"},"content":{"rendered":"<p>Descubre dos enclaves emblem\u00e1ticos de Madrid a trav\u00e9s de una visita guiada. La <strong>Bas\u00edlica de Atocha<\/strong> y el <strong>Pante\u00f3n de Espa\u00f1a<\/strong>\u00a0son dos edificios con una rica historia y arquitectura, que merecen ser conocidos en profundidad. En este art\u00edculo, te contamos todo lo que necesitas saber sobre estas dos visitas guiadas. \u00bfQuieres saber m\u00e1s? \u00a1Sigue leyendo!<\/p>\n<h2>Bas\u00edlica de Atocha<\/h2>\n<p><script async=\"\" src=\"https:\/\/pagead2.googlesyndication.com\/pagead\/js\/adsbygoogle.js\"><\/script> <ins class=\"adsbygoogle\" style=\"display: block;\" data-ad-format=\"fluid\" data-ad-layout-key=\"-7f+eo+1+2-5\" data-ad-client=\"ca-pub-7450064428034605\" data-ad-slot=\"7327027071\"><\/ins><script>(adsbygoogle = window.adsbygoogle || []).push({});<\/script><\/p>\n<p>La <strong>Real Bas\u00edlica de Nuestra Se\u00f1ora de Atocha<\/strong> es una de las seis bas\u00edlicas que existen en Madrid. La bas\u00edlica est\u00e1 unida a la historia de la monarqu\u00eda espa\u00f1ola, ya que ha sido en ella donde tradicionalmente se han bautizado los miembros de la familia real. Tambi\u00e9n es un lugar de peregrinaci\u00f3n para los devotos de la Virgen de Atocha, una advocaci\u00f3n mariana que es venerada en Madrid desde el siglo XIII.<\/p>\n<h2>\u00a0Pante\u00f3n de Espa\u00f1a (nueva denominaci\u00f3n del Pante\u00f3n de Hombres Ilustres)<\/h2>\n<p><script async=\"\" src=\"https:\/\/pagead2.googlesyndication.com\/pagead\/js\/adsbygoogle.js\"><\/script> <ins class=\"adsbygoogle\" style=\"display: block; text-align: center;\" data-ad-layout=\"in-article\" data-ad-format=\"fluid\" data-ad-client=\"ca-pub-7450064428034605\" data-ad-slot=\"5670045061\"><\/ins> <script>(adsbygoogle = window.adsbygoogle || []).push({});<\/script><\/p>\n<p>El <strong>Pante\u00f3n de Espa\u00f1a (nueva denominaci\u00f3n del Pante\u00f3n de Hombres Ilustres)<\/strong> es un edificio neocl\u00e1sico construido entre 1892 y 1899. Est\u00e1 dedicado a la memoria de diversas personalidades de la vida pol\u00edtica de finales del XIX y principios del XX. En el pante\u00f3n se encuentran los sepulcros de Antonio C\u00e1novas del Castillo, Eduardo Dato, Jos\u00e9 Canalejas y Mateo Sagasta, que son aut\u00e9nticas joyas art\u00edsticas firmadas, a su vez, por grandes escultores como Mariano Benlliure, Agust\u00edn Querol, Arturo M\u00e9lida, Pedro Estany y Federico Aparici.<\/p>\n<h2>Nuevas visitas guiadas: fechas, horarios y c\u00f3mo reservar<\/h2>\n<p>La Junta Municipal de Retiro ha lanzado un nuevo calendario de visitas guiadas gratuitas para este oto\u00f1o.<\/p>\n<p>Las visitas a la Real Bas\u00edlica de Nuestra Se\u00f1ora de Atocha (calle Juli\u00e1n Gayarre 1), se realizar\u00e1n el lunes 2 de octubre, a las 10:00 h, y el 6 de noviembre y 4 de diciembre, ambos a las 17:00 h.<\/p>\n<p>Las visitas al Pante\u00f3n de Espa\u00f1a (calle\u00a0 Juli\u00e1n Gayarre 3), se realizar\u00e1n el mi\u00e9rcoles 4 de octubre, a las 10:00 horas, y el 2 de noviembre y 5 de diciembre, a las 17:00 h.<\/p>\n<p>Las reservas se realizan en tel\u00e9fono 653525283 o enviando un correo a <a href=\"mailto:produccion2@ferroteatro.es\">produccion2@ferroteatro.es<\/a>.<\/p>\n","protected":false},"excerpt":{"rendered":"<p>Descubre dos enclaves emblem\u00e1ticos de Madrid <\/p>\n","protected":false},"author":1,"featured_media":52699,"comment_status":"open","ping_status":"open","sticky":false,"template":"","format":"standard","meta":{"footnotes":""},"categories":[111],"tags":[],"class_list":{"0":"post-52698","1":"post","2":"type-post","3":"status-publish","4":"format-standard","5":"has-post-thumbnail","7":"category-exposiciones-madrid"},"_links":{"self":[{"href":"https:\/\/www.vidademadrid.com\/es\/wp-json\/wp\/v2\/posts\/52698","targetHints":{"allow":["GET"]}}],"collection":[{"href":"https:\/\/www.vidademadrid.com\/es\/wp-json\/wp\/v2\/posts"}],"about":[{"href":"https:\/\/www.vidademadrid.com\/es\/wp-json\/wp\/v2\/types\/post"}],"author":[{"embeddable":true,"href":"https:\/\/www.vidademadrid.com\/es\/wp-json\/wp\/v2\/users\/1"}],"replies":[{"embeddable":true,"href":"https:\/\/www.vidademadrid.com\/es\/wp-json\/wp\/v2\/comments?post=52698"}],"version-history":[{"count":3,"href":"https:\/\/www.vidademadrid.com\/es\/wp-json\/wp\/v2\/posts\/52698\/revisions"}],"predecessor-version":[{"id":52725,"href":"https:\/\/www.vidademadrid.com\/es\/wp-json\/wp\/v2\/posts\/52698\/revisions\/52725"}],"wp:featuredmedia":[{"embeddable":true,"href":"https:\/\/www.vidademadrid.com\/es\/wp-json\/wp\/v2\/media\/52699"}],"wp:attachment":[{"href":"https:\/\/www.vidademadrid.com\/es\/wp-json\/wp\/v2\/media?parent=52698"}],"wp:term":[{"taxonomy":"category","embeddable":true,"href":"https:\/\/www.vidademadrid.com\/es\/wp-json\/wp\/v2\/categories?post=52698"},{"taxonomy":"post_tag","embeddable":true,"href":"https:\/\/www.vidademadrid.com\/es\/wp-json\/wp\/v2\/tags?post=52698"}],"curies":[{"name":"wp","href":"https:\/\/api.w.org\/{rel}","templated":true}]}}