{"id":52582,"date":"2023-09-18T10:58:48","date_gmt":"2023-09-18T08:58:48","guid":{"rendered":"https:\/\/www.vidademadrid.com\/es\/?p=52582"},"modified":"2023-09-24T10:47:31","modified_gmt":"2023-09-24T08:47:31","slug":"el-corazon-dano-teatro-espanol-fechas-2023","status":"publish","type":"post","link":"https:\/\/www.vidademadrid.com\/es\/52582\/el-corazon-dano-teatro-espanol-fechas-2023\/","title":{"rendered":"El Teatro Espa\u00f1ol inaugura su nueva temporada con el estreno de &#8216;El coraz\u00f3n del Da\u00f1o&#8217; con Maril\u00fa Marini"},"content":{"rendered":"<p>El&nbsp;<strong>Teatro Espa\u00f1ol&nbsp;<\/strong>inaugurar\u00e1 su <strong>temporada 23\/24&nbsp;<\/strong>con el&nbsp;<strong>estreno absoluto&nbsp;<\/strong>de <strong>&#8216;El coraz\u00f3n del da\u00f1o&#8217;,&nbsp;<\/strong>adaptaci\u00f3n teatral de la novela de&nbsp;<strong>Mar\u00eda Negroni.&nbsp;<\/strong><\/p>\n<h2>&#8216;El coraz\u00f3n del da\u00f1o&#8217; en el Teatro Espa\u00f1ol&nbsp;<\/h2>\n<p><script async=\"\" src=\"https:\/\/pagead2.googlesyndication.com\/pagead\/js\/adsbygoogle.js\"><\/script> <ins class=\"adsbygoogle\" style=\"display:block\" data-ad-format=\"fluid\" data-ad-layout-key=\"-7f+eo+1+2-5\" data-ad-client=\"ca-pub-7450064428034605\" data-ad-slot=\"7327027071\"><\/ins><script>(adsbygoogle = window.adsbygoogle || []).push({});<\/script>El&nbsp;<strong>Teatro Espa\u00f1ol&nbsp;<\/strong>abre su nueva temporada con el estreno absoluto de&nbsp;<strong>&#8216;El coraz\u00f3n del da\u00f1o&#8217;,&nbsp;<\/strong>adaptaci\u00f3n teatral de la novela hom\u00f3nima de Mar\u00eda Negroni.&nbsp;<\/p>\n<p>Protagonizada por la leyenda del teatro argentino y franc\u00e9s <strong>Maril\u00fa Marini,&nbsp;<\/strong>que actuar\u00e1 por primera vez en Espa\u00f1a, y dirigida por&nbsp;<strong>Alejandro Tantanian,&nbsp;<\/strong>esta puesta en escena es el relato de una hija acerca de la compleja y singular relaci\u00f3n que mantiene con su madre.&nbsp;<\/p>\n<p><strong>&#8216;El coraz\u00f3n del da\u00f1o&#8217;&nbsp;<\/strong>es un mon\u00f3logo que habla del presente, el ayer y el ma\u00f1ana de las relaciones maternofiliales pasando de lo \u00edntimo a los art\u00edstico.&nbsp;<\/p>\n<h2>&#8216;El coraz\u00f3n del da\u00f1o&#8217; en el Teatro Espa\u00f1ol: fechas&nbsp;<\/h2>\n<p><script async=\"\" src=\"https:\/\/pagead2.googlesyndication.com\/pagead\/js\/adsbygoogle.js\"><\/script> <ins class=\"adsbygoogle\" style=\"display:block; text-align:center;\" data-ad-layout=\"in-article\" data-ad-format=\"fluid\" data-ad-client=\"ca-pub-7450064428034605\" data-ad-slot=\"5670045061\"><\/ins> <script>(adsbygoogle = window.adsbygoogle || []).push({});<\/script>&#8216;<strong>El coraz\u00f3n del da\u00f1o&#8217;&nbsp;<\/strong>se presentar\u00e1 del&nbsp;<strong>21 de septiembre al 28 de octubre de 2023&nbsp;<\/strong>en la Sala Margarita Xirgu del Teatro Espa\u00f1ol.&nbsp;<\/p>\n<p><img decoding=\"async\" src=\"https:\/\/diario.madrid.es\/wp-content\/uploads\/2023\/09\/Mupi_ElCorazonDelDano_120x175-343x500.jpg\"><\/p>\n<p>&nbsp;<\/p>\n","protected":false},"excerpt":{"rendered":"<p>Ser\u00e1 la primera actuaci\u00f3n de Marini en Espa\u00f1a. <\/p>\n","protected":false},"author":15,"featured_media":52583,"comment_status":"open","ping_status":"open","sticky":false,"template":"","format":"standard","meta":{"footnotes":""},"categories":[111,115,119],"tags":[],"class_list":{"0":"post-52582","1":"post","2":"type-post","3":"status-publish","4":"format-standard","5":"has-post-thumbnail","7":"category-exposiciones-madrid","8":"category-planes-del-momento-madrid","9":"category-portada"},"_links":{"self":[{"href":"https:\/\/www.vidademadrid.com\/es\/wp-json\/wp\/v2\/posts\/52582","targetHints":{"allow":["GET"]}}],"collection":[{"href":"https:\/\/www.vidademadrid.com\/es\/wp-json\/wp\/v2\/posts"}],"about":[{"href":"https:\/\/www.vidademadrid.com\/es\/wp-json\/wp\/v2\/types\/post"}],"author":[{"embeddable":true,"href":"https:\/\/www.vidademadrid.com\/es\/wp-json\/wp\/v2\/users\/15"}],"replies":[{"embeddable":true,"href":"https:\/\/www.vidademadrid.com\/es\/wp-json\/wp\/v2\/comments?post=52582"}],"version-history":[{"count":1,"href":"https:\/\/www.vidademadrid.com\/es\/wp-json\/wp\/v2\/posts\/52582\/revisions"}],"predecessor-version":[{"id":52584,"href":"https:\/\/www.vidademadrid.com\/es\/wp-json\/wp\/v2\/posts\/52582\/revisions\/52584"}],"wp:featuredmedia":[{"embeddable":true,"href":"https:\/\/www.vidademadrid.com\/es\/wp-json\/wp\/v2\/media\/52583"}],"wp:attachment":[{"href":"https:\/\/www.vidademadrid.com\/es\/wp-json\/wp\/v2\/media?parent=52582"}],"wp:term":[{"taxonomy":"category","embeddable":true,"href":"https:\/\/www.vidademadrid.com\/es\/wp-json\/wp\/v2\/categories?post=52582"},{"taxonomy":"post_tag","embeddable":true,"href":"https:\/\/www.vidademadrid.com\/es\/wp-json\/wp\/v2\/tags?post=52582"}],"curies":[{"name":"wp","href":"https:\/\/api.w.org\/{rel}","templated":true}]}}