{"id":52483,"date":"2023-09-11T10:44:48","date_gmt":"2023-09-11T08:44:48","guid":{"rendered":"https:\/\/www.vidademadrid.com\/es\/?p=52483"},"modified":"2023-09-11T10:44:52","modified_gmt":"2023-09-11T08:44:52","slug":"oktoberfest-vallecana-2023-programa-fechas","status":"publish","type":"post","link":"https:\/\/www.vidademadrid.com\/es\/52483\/oktoberfest-vallecana-2023-programa-fechas\/","title":{"rendered":"Vuelve la Oktoberfest Vallecana este 2023"},"content":{"rendered":"<p>Una de las celebraciones m\u00e1s populares de&nbsp;<strong>Puente de Vallecas&nbsp;<\/strong>vuelve este 2023. Se trata de la&nbsp;<strong>Oktoberfest Vallecana&nbsp;<\/strong>en el que se podr\u00e1 disfrutar de m\u00fasica, la aut\u00e9ntica infraestructura alemana y mucha cerveza. Sigue leyendo este art\u00edculo para conocer toda la informaci\u00f3n.<\/p>\n<h2>Oktoberfest Vallecana 2023&nbsp;<\/h2>\n<p><script async=\"\" src=\"https:\/\/pagead2.googlesyndication.com\/pagead\/js\/adsbygoogle.js\"><\/script> <ins class=\"adsbygoogle\" style=\"display:block\" data-ad-format=\"fluid\" data-ad-layout-key=\"-7f+eo+1+2-5\" data-ad-client=\"ca-pub-7450064428034605\" data-ad-slot=\"7327027071\"><\/ins><script>(adsbygoogle = window.adsbygoogle || []).push({});<\/script><strong>Puente de Vallecas&nbsp;<\/strong>recupera una de sus celebraciones m\u00e1s populares: la&nbsp;<strong>Oktoberfest Vallecana.&nbsp;<\/strong>Esta iniciativa, que comenz\u00f3 en 2016, reproduce en Madrid la mayor feria de la cerveza alemana.&nbsp;<\/p>\n<p>Este a\u00f1o, habr\u00e1 un&nbsp;<strong>festival de m\u00fasica celta, grupos de rock y hard folk.&nbsp;<\/strong>Adem\u00e1s, se ha reforzado el programa con&nbsp;<strong>diversas actividades infantiles&nbsp;<\/strong>as\u00ed como&nbsp;<strong>pasacalles para toda la familia&nbsp;<\/strong>y el espect\u00e1culo musical&nbsp;<strong>Grimorium.&nbsp;<\/strong><\/p>\n<p>En la&nbsp;<strong>Oktoberfest Vallecana&nbsp;<\/strong>se importa toda su infraestructura desde Alemania. Los grifos de cerveza, carpas y mesas de madera vienen directamente desde M\u00fanich.&nbsp;<\/p>\n<p>Adem\u00e1s, habr\u00e1&nbsp;<strong>food trucks&nbsp;<\/strong>en los que se servir\u00e1n aut\u00e9nticas salchichas alemanas y otros platos gourmet.&nbsp;<\/p>\n<h2>Oktoberfest Vallecana 2023: fecha&nbsp;<\/h2>\n<p><script async=\"\" src=\"https:\/\/pagead2.googlesyndication.com\/pagead\/js\/adsbygoogle.js\"><\/script> <ins class=\"adsbygoogle\" style=\"display:block; text-align:center;\" data-ad-layout=\"in-article\" data-ad-format=\"fluid\" data-ad-client=\"ca-pub-7450064428034605\" data-ad-slot=\"5670045061\"><\/ins> <script>(adsbygoogle = window.adsbygoogle || []).push({});<\/script>La feria de la cerveza&nbsp;<strong>Oktoberfest Vallecana&nbsp;<\/strong>ser\u00e1 del&nbsp;<strong>14 al 17 de septiembre de 2023&nbsp;<\/strong>en la calle Pe\u00f1a Gorbea, 17 B (Metro Portazgo). El festival de m\u00fasica celta se celebrar\u00e1 los d\u00edas&nbsp;<strong>15, 16 y 17 de septiembre.&nbsp;<\/strong><\/p>\n","protected":false},"excerpt":{"rendered":"<p>La infraestructura se ha importado desde M\u00fanich. <\/p>\n","protected":false},"author":15,"featured_media":52484,"comment_status":"open","ping_status":"open","sticky":false,"template":"","format":"standard","meta":{"footnotes":""},"categories":[1],"tags":[],"class_list":{"0":"post-52483","1":"post","2":"type-post","3":"status-publish","4":"format-standard","5":"has-post-thumbnail","7":"category-varios"},"_links":{"self":[{"href":"https:\/\/www.vidademadrid.com\/es\/wp-json\/wp\/v2\/posts\/52483","targetHints":{"allow":["GET"]}}],"collection":[{"href":"https:\/\/www.vidademadrid.com\/es\/wp-json\/wp\/v2\/posts"}],"about":[{"href":"https:\/\/www.vidademadrid.com\/es\/wp-json\/wp\/v2\/types\/post"}],"author":[{"embeddable":true,"href":"https:\/\/www.vidademadrid.com\/es\/wp-json\/wp\/v2\/users\/15"}],"replies":[{"embeddable":true,"href":"https:\/\/www.vidademadrid.com\/es\/wp-json\/wp\/v2\/comments?post=52483"}],"version-history":[{"count":2,"href":"https:\/\/www.vidademadrid.com\/es\/wp-json\/wp\/v2\/posts\/52483\/revisions"}],"predecessor-version":[{"id":52486,"href":"https:\/\/www.vidademadrid.com\/es\/wp-json\/wp\/v2\/posts\/52483\/revisions\/52486"}],"wp:featuredmedia":[{"embeddable":true,"href":"https:\/\/www.vidademadrid.com\/es\/wp-json\/wp\/v2\/media\/52484"}],"wp:attachment":[{"href":"https:\/\/www.vidademadrid.com\/es\/wp-json\/wp\/v2\/media?parent=52483"}],"wp:term":[{"taxonomy":"category","embeddable":true,"href":"https:\/\/www.vidademadrid.com\/es\/wp-json\/wp\/v2\/categories?post=52483"},{"taxonomy":"post_tag","embeddable":true,"href":"https:\/\/www.vidademadrid.com\/es\/wp-json\/wp\/v2\/tags?post=52483"}],"curies":[{"name":"wp","href":"https:\/\/api.w.org\/{rel}","templated":true}]}}