{"id":52448,"date":"2023-09-08T11:25:53","date_gmt":"2023-09-08T09:25:53","guid":{"rendered":"https:\/\/www.vidademadrid.com\/es\/?p=52448"},"modified":"2023-09-10T22:34:50","modified_gmt":"2023-09-10T20:34:50","slug":"nueva-temporada-corral-cervantes-programacion-2023","status":"publish","type":"post","link":"https:\/\/www.vidademadrid.com\/es\/52448\/nueva-temporada-corral-cervantes-programacion-2023\/","title":{"rendered":"El Corral de Cervantes comienza su nueva temporada"},"content":{"rendered":"<p>El&nbsp;<strong>Corral de Cervantes&nbsp;<\/strong>arranca su nueva temporada regular con puestas en escena vinculadas con el&nbsp;<strong>Siglo de Oro.&nbsp;<\/strong>Este a\u00f1o hay nuevos espacios y servicios que complementan la oferta de instalaci\u00f3n cultura. Sigue leyendo este art\u00edculo para conocer toda la informaci\u00f3n.&nbsp;<\/p>\n<h2>Nueva temporada del Corral de Cervantes<\/h2>\n<p><script async=\"\" src=\"https:\/\/pagead2.googlesyndication.com\/pagead\/js\/adsbygoogle.js\"><\/script> <ins class=\"adsbygoogle\" style=\"display:block\" data-ad-format=\"fluid\" data-ad-layout-key=\"-7f+eo+1+2-5\" data-ad-client=\"ca-pub-7450064428034605\" data-ad-slot=\"7327027071\"><\/ins><script>(adsbygoogle = window.adsbygoogle || []).push({});<\/script>El curso teatral 2023-2024 del&nbsp;<strong>Corral de Cervantes&nbsp;<\/strong>est\u00e1 a punto de comenzar. Esta instalaci\u00f3n cultural, promovida por Fundaci\u00f3n Siglo de Oro cumple un a\u00f1o de <strong>programaci\u00f3n continua.&nbsp;<\/strong><\/p>\n<p>El&nbsp;<strong>Corral de Cervantes&nbsp;<\/strong>inici\u00f3 en 2017 como un espacio ef\u00edmero y desde el 2022 se ha convertido en un teatro estable que ha acogido&nbsp;<strong>producciones propias as\u00ed como invitadas&nbsp;<\/strong>con espect\u00e1culos teatrales y conciertos musicales vinculados al&nbsp;<strong>Siglo de Oro.&nbsp;<\/strong><\/p>\n<p>Los distintos espacios del <strong>Corral de Cervantes&nbsp;<\/strong>son la <strong>Sala Cervantes,&nbsp;<\/strong>construida con balas de paja que reproduce un teatro cortesano del siglo XVII; la <strong>Guarida de Lope,&nbsp;<\/strong>un escenario al aire libre en la zona de restauraci\u00f3n que reinterpreta un corral de comedias del Siglo de Oro y la&nbsp;<strong>Sala Sor Juan,&nbsp;<\/strong>donde se llevar\u00e1n a cabo los ensayos de&nbsp;<em>La francesa Laura&nbsp;<\/em>y se impartir\u00e1n cursos y talleres especializados.&nbsp;<\/p>\n<h2>Programaci\u00f3n del Corral de Cervantes<\/h2>\n<p><script async=\"\" src=\"https:\/\/pagead2.googlesyndication.com\/pagead\/js\/adsbygoogle.js\"><\/script> <ins class=\"adsbygoogle\" style=\"display:block; text-align:center;\" data-ad-layout=\"in-article\" data-ad-format=\"fluid\" data-ad-client=\"ca-pub-7450064428034605\" data-ad-slot=\"5670045061\"><\/ins> <script>(adsbygoogle = window.adsbygoogle || []).push({});<\/script>La nueva temporada del&nbsp;<strong>Corral de Cervantes&nbsp;<\/strong>ser\u00e1 del&nbsp;<strong>13 de septiembre al 22 de octubre&nbsp;<\/strong>y la seguir\u00e1n la&nbsp;<strong>VII edici\u00f3n del Festival Fiesta Corral Cervantes&nbsp;<\/strong>del&nbsp;<strong>24 de octubre al 17 de diciembre.&nbsp;<\/strong><\/p>\n<p>Los espect\u00e1culos ser\u00e1n de mi\u00e9rcoles y jueves con funci\u00f3n a las 21 horas (a las 20 horas a partir del 4 de octubre), viernes y s\u00e1bado habr\u00e1 dos funciones a las 19 y 21 horas y los domingo a las 19 horas.&nbsp;<\/p>\n<p>Los montajes que se podr\u00e1n disfrutar en esta temporada ser\u00e1n:&nbsp;<em>Desventura y muertes de Baul\u00edn el encandilado; Marrano, un cuento de la Inquisici\u00f3n; El Quijote. Los libros, las batallas, el amor y la muerte; La malcasada, La Rueda, B\u00e9cquer y Quevedo. Amor y muerte; A nadie se le dio veneno en risa, El perro del hortelano y La dama boba.&nbsp;<\/em><\/p>\n<p>Las entradas se pueden adquirir en este <a href=\"https:\/\/corralcervantes.com\/en-escena\/\">enlace<\/a>.&nbsp;<\/p>\n","protected":false},"excerpt":{"rendered":"<p>La nueva temporada comenzar\u00e1 el 13 de septiembre. <\/p>\n","protected":false},"author":15,"featured_media":52449,"comment_status":"open","ping_status":"open","sticky":false,"template":"","format":"standard","meta":{"footnotes":""},"categories":[111,115],"tags":[],"class_list":{"0":"post-52448","1":"post","2":"type-post","3":"status-publish","4":"format-standard","5":"has-post-thumbnail","7":"category-exposiciones-madrid","8":"category-planes-del-momento-madrid"},"_links":{"self":[{"href":"https:\/\/www.vidademadrid.com\/es\/wp-json\/wp\/v2\/posts\/52448","targetHints":{"allow":["GET"]}}],"collection":[{"href":"https:\/\/www.vidademadrid.com\/es\/wp-json\/wp\/v2\/posts"}],"about":[{"href":"https:\/\/www.vidademadrid.com\/es\/wp-json\/wp\/v2\/types\/post"}],"author":[{"embeddable":true,"href":"https:\/\/www.vidademadrid.com\/es\/wp-json\/wp\/v2\/users\/15"}],"replies":[{"embeddable":true,"href":"https:\/\/www.vidademadrid.com\/es\/wp-json\/wp\/v2\/comments?post=52448"}],"version-history":[{"count":2,"href":"https:\/\/www.vidademadrid.com\/es\/wp-json\/wp\/v2\/posts\/52448\/revisions"}],"predecessor-version":[{"id":52451,"href":"https:\/\/www.vidademadrid.com\/es\/wp-json\/wp\/v2\/posts\/52448\/revisions\/52451"}],"wp:featuredmedia":[{"embeddable":true,"href":"https:\/\/www.vidademadrid.com\/es\/wp-json\/wp\/v2\/media\/52449"}],"wp:attachment":[{"href":"https:\/\/www.vidademadrid.com\/es\/wp-json\/wp\/v2\/media?parent=52448"}],"wp:term":[{"taxonomy":"category","embeddable":true,"href":"https:\/\/www.vidademadrid.com\/es\/wp-json\/wp\/v2\/categories?post=52448"},{"taxonomy":"post_tag","embeddable":true,"href":"https:\/\/www.vidademadrid.com\/es\/wp-json\/wp\/v2\/tags?post=52448"}],"curies":[{"name":"wp","href":"https:\/\/api.w.org\/{rel}","templated":true}]}}