{"id":52273,"date":"2023-08-31T22:08:14","date_gmt":"2023-08-31T20:08:14","guid":{"rendered":"https:\/\/www.vidademadrid.com\/es\/?p=52273"},"modified":"2023-09-01T00:13:05","modified_gmt":"2023-08-31T22:13:05","slug":"nueva-fuente-carlos-iii-puerta-del-sol-video-fotos","status":"publish","type":"post","link":"https:\/\/www.vidademadrid.com\/es\/52273\/nueva-fuente-carlos-iii-puerta-del-sol-video-fotos\/","title":{"rendered":"Ya est\u00e1 abierta la nueva fuente de estrellas con la estatua de Carlos III en Puerta del Sol: v\u00eddeo y fotos"},"content":{"rendered":"<p>Tras una larga espera (<a href=\"https:\/\/www.vidademadrid.com\/es\/40248\/puerta-del-sol-reforma-fotos-video-proyecto-aprobado\/\">y 5 meses de retraso<\/a>), ya han terminado <strong>las obras de reforma de Puerta del Sol<\/strong> (con la excepci\u00f3n de la \u00ab<a href=\"https:\/\/www.vidademadrid.com\/es\/48425\/apertura-puerta-sol-reformas-ballena-cercanias-2023\/\">ballena<\/a>\u00ab), con la apertura oficial de <strong>la nueva fuente que ingloba la estatua de Carlos III<\/strong>. Sigue leyendo para descubrir m\u00e1s detalles y ver todas las fotos y el v\u00eddeo de la nueva fuente.<\/p>\n<h2>Ya est\u00e1 abierta la nueva fuente en Puerta del Sol<\/h2>\n<p><script async=\"\" src=\"https:\/\/pagead2.googlesyndication.com\/pagead\/js\/adsbygoogle.js\"><\/script> <ins class=\"adsbygoogle\" style=\"display: block; text-align: center;\" data-ad-layout=\"in-article\" data-ad-format=\"fluid\" data-ad-client=\"ca-pub-7450064428034605\" data-ad-slot=\"5670045061\"><\/ins> <script>(adsbygoogle = window.adsbygoogle || []).push({});<\/script><\/p>\n<p>Hoy, <strong>31 de agosto 2023<\/strong>, ha abierto la nueva y <strong>\u00fanica fuente de la plaza tras la reforma<\/strong>, con <strong>la estatua de Carlos III en su interior<\/strong>. La fuente, con peque\u00f1os chorros, se ilumina por la noche dibujando las estrellas del cielo de Madrid. A continuaci\u00f3n fotos y v\u00eddeo de la nueva fuente de Sol.<\/p>\n<h2>Nueva fuente de Carlos III en Puerta del Sol: v\u00eddeos<\/h2>\n<p>\u00a0<\/p>\n<blockquote class=\"twitter-tweet\">\n<p dir=\"ltr\" lang=\"es\">\u2757Fin de obras: ya est\u00e1 abierta la nueva fuente de Carlos III en Puerta del Sol<a href=\"https:\/\/twitter.com\/hashtag\/madrid?src=hash&amp;ref_src=twsrc%5Etfw\">#madrid<\/a> <a href=\"https:\/\/t.co\/31olFNkMeJ\">pic.twitter.com\/31olFNkMeJ<\/a><\/p>\n<p>\u2014 Vida de Madrid (@VidaDeMadrid) <a href=\"https:\/\/twitter.com\/VidaDeMadrid\/status\/1697276342914441406?ref_src=twsrc%5Etfw\">August 31, 2023<\/a><\/p>\n<\/blockquote>\n<p><script async=\"\" src=\"https:\/\/platform.twitter.com\/widgets.js\" charset=\"utf-8\"><\/script><\/p>\n<p>\u00a0<\/p>\n<blockquote class=\"instagram-media\" style=\"background: #FFF; border: 0; border-radius: 3px; box-shadow: 0 0 1px 0 rgba(0,0,0,0.5),0 1px 10px 0 rgba(0,0,0,0.15); margin: 1px; max-width: 540px; min-width: 326px; padding: 0; width: calc(100% - 2px);\" data-instgrm-permalink=\"https:\/\/www.instagram.com\/reel\/CwnyxDhN53_\/?utm_source=ig_embed&amp;utm_campaign=loading\" data-instgrm-version=\"14\">\n<div style=\"padding: 16px;\">\n<div style=\"display: flex; flex-direction: row; align-items: center;\">\n<div style=\"background-color: #f4f4f4; border-radius: 50%; flex-grow: 0; height: 40px; margin-right: 14px; width: 40px;\">\u00a0<\/div>\n<div style=\"display: flex; flex-direction: column; flex-grow: 1; justify-content: center;\">\n<div style=\"background-color: #f4f4f4; border-radius: 4px; flex-grow: 0; height: 14px; margin-bottom: 6px; width: 100px;\">\u00a0<\/div>\n<div style=\"background-color: #f4f4f4; border-radius: 4px; flex-grow: 0; height: 14px; width: 60px;\">\u00a0<\/div>\n<\/div>\n<\/div>\n<div style=\"padding: 19% 0;\">\u00a0<\/div>\n<div style=\"display: block; height: 50px; margin: 0 auto 12px; width: 50px;\">\u00a0<\/div>\n<div style=\"padding-top: 8px;\">\n<div style=\"color: #3897f0; font-family: Arial,sans-serif; font-size: 14px; font-style: normal; font-weight: 550; line-height: 18px;\">Visualizza questo post su Instagram<\/div>\n<\/div>\n<div style=\"padding: 12.5% 0;\">\u00a0<\/div>\n<div style=\"display: flex; flex-direction: row; margin-bottom: 14px; align-items: center;\">\n<div>\n<div style=\"background-color: #f4f4f4; border-radius: 50%; height: 12.5px; width: 12.5px; transform: translateX(0px) translateY(7px);\">\u00a0<\/div>\n<div style=\"background-color: #f4f4f4; height: 12.5px; transform: rotate(-45deg) translateX(3px) translateY(1px); width: 12.5px; flex-grow: 0; margin-right: 14px; margin-left: 2px;\">\u00a0<\/div>\n<div style=\"background-color: #f4f4f4; border-radius: 50%; height: 12.5px; width: 12.5px; transform: translateX(9px) translateY(-18px);\">\u00a0<\/div>\n<\/div>\n<div style=\"margin-left: 8px;\">\n<div style=\"background-color: #f4f4f4; border-radius: 50%; flex-grow: 0; height: 20px; width: 20px;\">\u00a0<\/div>\n<div style=\"width: 0; height: 0; border-top: 2px solid transparent; border-left: 6px solid #f4f4f4; border-bottom: 2px solid transparent; transform: translateX(16px) translateY(-4px) rotate(30deg);\">\u00a0<\/div>\n<\/div>\n<div style=\"margin-left: auto;\">\n<div style=\"width: 0px; border-top: 8px solid #F4F4F4; border-right: 8px solid transparent; transform: translateY(16px);\">\u00a0<\/div>\n<div style=\"background-color: #f4f4f4; flex-grow: 0; height: 12px; width: 16px; transform: translateY(-4px);\">\u00a0<\/div>\n<div style=\"width: 0; height: 0; border-top: 8px solid #F4F4F4; border-left: 8px solid transparent; transform: translateY(-4px) translateX(8px);\">\u00a0<\/div>\n<\/div>\n<\/div>\n<div style=\"display: flex; flex-direction: column; flex-grow: 1; justify-content: center; margin-bottom: 24px;\">\n<div style=\"background-color: #f4f4f4; border-radius: 4px; flex-grow: 0; height: 14px; margin-bottom: 6px; width: 224px;\">\u00a0<\/div>\n<div style=\"background-color: #f4f4f4; border-radius: 4px; flex-grow: 0; height: 14px; width: 144px;\">\u00a0<\/div>\n<\/div>\n<p style=\"color: #c9c8cd; font-family: Arial,sans-serif; font-size: 14px; line-height: 17px; margin-bottom: 0; margin-top: 8px; overflow: hidden; padding: 8px 0 7px; text-align: center; text-overflow: ellipsis; white-space: nowrap;\"><a style=\"color: #c9c8cd; font-family: Arial,sans-serif; font-size: 14px; font-style: normal; font-weight: normal; line-height: 17px; text-decoration: none;\" href=\"https:\/\/www.instagram.com\/reel\/CwnyxDhN53_\/?utm_source=ig_embed&amp;utm_campaign=loading\" target=\"_blank\" rel=\"noopener\">Un post condiviso da Vida de Madrid (@vidademadrid)<\/a><\/p>\n<\/div>\n<\/blockquote>\n<p><script async=\"\" src=\"\/\/www.instagram.com\/embed.js\"><\/script><\/p>\n<h2>Nueva fuente de Carlos III en Puerta del Sol: fotos de d\u00eda<\/h2>\n<p><script async=\"\" src=\"https:\/\/pagead2.googlesyndication.com\/pagead\/js\/adsbygoogle.js\"><\/script><\/p>\n<p><!-- Vertical2020 --><\/p>\n<p><ins class=\"adsbygoogle\" style=\"display: block;\" data-ad-client=\"ca-pub-7450064428034605\" data-ad-slot=\"4377430105\" data-ad-format=\"auto\" data-full-width-responsive=\"true\"><\/ins><script>(adsbygoogle = window.adsbygoogle || []).push({});<\/script><\/p>\n\n\n<figure class=\"wp-block-gallery has-nested-images columns-1 is-cropped wp-block-gallery-1 is-layout-flex wp-block-gallery-is-layout-flex\">\n<figure class=\"wp-block-image size-large td-caption-align-https:\/\/www.vidademadrid.com\/es\/wp-content\/uploads\/2023\/08\/04-nueva-fuente-puerta-del-sol-012.jpg\"><a href=\"https:\/\/www.vidademadrid.com\/es\/wp-content\/uploads\/2023\/08\/04-nueva-fuente-puerta-del-sol-012.jpg\"><img loading=\"lazy\" decoding=\"async\" width=\"576\" height=\"1024\" data-id=\"52276\" src=\"https:\/\/www.vidademadrid.com\/es\/wp-content\/uploads\/2023\/08\/04-nueva-fuente-puerta-del-sol-012-576x1024.jpg\" alt=\"\" class=\"wp-image-52276\" srcset=\"https:\/\/www.vidademadrid.com\/es\/wp-content\/uploads\/2023\/08\/04-nueva-fuente-puerta-del-sol-012-576x1024.jpg 576w, https:\/\/www.vidademadrid.com\/es\/wp-content\/uploads\/2023\/08\/04-nueva-fuente-puerta-del-sol-012-169x300.jpg 169w, https:\/\/www.vidademadrid.com\/es\/wp-content\/uploads\/2023\/08\/04-nueva-fuente-puerta-del-sol-012-236x420.jpg 236w, https:\/\/www.vidademadrid.com\/es\/wp-content\/uploads\/2023\/08\/04-nueva-fuente-puerta-del-sol-012.jpg 675w\" sizes=\"auto, (max-width: 576px) 100vw, 576px\" \/><\/a><\/figure>\n\n\n\n<figure class=\"wp-block-image size-large td-caption-align-https:\/\/www.vidademadrid.com\/es\/wp-content\/uploads\/2023\/08\/05-nueva-fuente-puerta-del-sol-015.jpg\"><a href=\"https:\/\/www.vidademadrid.com\/es\/wp-content\/uploads\/2023\/08\/05-nueva-fuente-puerta-del-sol-015.jpg\"><img loading=\"lazy\" decoding=\"async\" width=\"1024\" height=\"577\" data-id=\"52277\" src=\"https:\/\/www.vidademadrid.com\/es\/wp-content\/uploads\/2023\/08\/05-nueva-fuente-puerta-del-sol-015-1024x577.jpg\" alt=\"\" class=\"wp-image-52277\" srcset=\"https:\/\/www.vidademadrid.com\/es\/wp-content\/uploads\/2023\/08\/05-nueva-fuente-puerta-del-sol-015-1024x577.jpg 1024w, https:\/\/www.vidademadrid.com\/es\/wp-content\/uploads\/2023\/08\/05-nueva-fuente-puerta-del-sol-015-300x169.jpg 300w, https:\/\/www.vidademadrid.com\/es\/wp-content\/uploads\/2023\/08\/05-nueva-fuente-puerta-del-sol-015-768x433.jpg 768w, https:\/\/www.vidademadrid.com\/es\/wp-content\/uploads\/2023\/08\/05-nueva-fuente-puerta-del-sol-015-696x392.jpg 696w, https:\/\/www.vidademadrid.com\/es\/wp-content\/uploads\/2023\/08\/05-nueva-fuente-puerta-del-sol-015-1068x602.jpg 1068w, https:\/\/www.vidademadrid.com\/es\/wp-content\/uploads\/2023\/08\/05-nueva-fuente-puerta-del-sol-015-746x420.jpg 746w, https:\/\/www.vidademadrid.com\/es\/wp-content\/uploads\/2023\/08\/05-nueva-fuente-puerta-del-sol-015.jpg 1200w\" sizes=\"auto, (max-width: 1024px) 100vw, 1024px\" \/><\/a><\/figure>\n\n\n\n<figure class=\"wp-block-image size-large td-caption-align-https:\/\/www.vidademadrid.com\/es\/wp-content\/uploads\/2023\/08\/01-nueva-fuente-puerta-del-sol-004.jpg\"><a href=\"https:\/\/www.vidademadrid.com\/es\/wp-content\/uploads\/2023\/08\/01-nueva-fuente-puerta-del-sol-004.jpg\"><img loading=\"lazy\" decoding=\"async\" width=\"1024\" height=\"576\" data-id=\"52279\" src=\"https:\/\/www.vidademadrid.com\/es\/wp-content\/uploads\/2023\/08\/01-nueva-fuente-puerta-del-sol-004-1024x576.jpg\" alt=\"\" class=\"wp-image-52279\" srcset=\"https:\/\/www.vidademadrid.com\/es\/wp-content\/uploads\/2023\/08\/01-nueva-fuente-puerta-del-sol-004-1024x576.jpg 1024w, https:\/\/www.vidademadrid.com\/es\/wp-content\/uploads\/2023\/08\/01-nueva-fuente-puerta-del-sol-004-300x169.jpg 300w, https:\/\/www.vidademadrid.com\/es\/wp-content\/uploads\/2023\/08\/01-nueva-fuente-puerta-del-sol-004-768x432.jpg 768w, https:\/\/www.vidademadrid.com\/es\/wp-content\/uploads\/2023\/08\/01-nueva-fuente-puerta-del-sol-004-696x392.jpg 696w, https:\/\/www.vidademadrid.com\/es\/wp-content\/uploads\/2023\/08\/01-nueva-fuente-puerta-del-sol-004-1068x601.jpg 1068w, https:\/\/www.vidademadrid.com\/es\/wp-content\/uploads\/2023\/08\/01-nueva-fuente-puerta-del-sol-004-747x420.jpg 747w, https:\/\/www.vidademadrid.com\/es\/wp-content\/uploads\/2023\/08\/01-nueva-fuente-puerta-del-sol-004.jpg 1200w\" sizes=\"auto, (max-width: 1024px) 100vw, 1024px\" \/><\/a><\/figure>\n\n\n\n<figure class=\"wp-block-image size-large td-caption-align-https:\/\/www.vidademadrid.com\/es\/wp-content\/uploads\/2023\/08\/02-nueva-fuente-puerta-del-sol-007.jpg\"><a href=\"https:\/\/www.vidademadrid.com\/es\/wp-content\/uploads\/2023\/08\/02-nueva-fuente-puerta-del-sol-007.jpg\"><img loading=\"lazy\" decoding=\"async\" width=\"576\" height=\"1024\" data-id=\"52278\" src=\"https:\/\/www.vidademadrid.com\/es\/wp-content\/uploads\/2023\/08\/02-nueva-fuente-puerta-del-sol-007-576x1024.jpg\" alt=\"\" class=\"wp-image-52278\" srcset=\"https:\/\/www.vidademadrid.com\/es\/wp-content\/uploads\/2023\/08\/02-nueva-fuente-puerta-del-sol-007-576x1024.jpg 576w, https:\/\/www.vidademadrid.com\/es\/wp-content\/uploads\/2023\/08\/02-nueva-fuente-puerta-del-sol-007-169x300.jpg 169w, https:\/\/www.vidademadrid.com\/es\/wp-content\/uploads\/2023\/08\/02-nueva-fuente-puerta-del-sol-007-236x420.jpg 236w, https:\/\/www.vidademadrid.com\/es\/wp-content\/uploads\/2023\/08\/02-nueva-fuente-puerta-del-sol-007.jpg 675w\" sizes=\"auto, (max-width: 576px) 100vw, 576px\" \/><\/a><\/figure>\n\n\n\n<figure class=\"wp-block-image size-large td-caption-align-https:\/\/www.vidademadrid.com\/es\/wp-content\/uploads\/2023\/08\/03-nueva-fuente-puerta-del-sol-006.jpg\"><a href=\"https:\/\/www.vidademadrid.com\/es\/wp-content\/uploads\/2023\/08\/03-nueva-fuente-puerta-del-sol-006.jpg\"><img loading=\"lazy\" decoding=\"async\" width=\"1024\" height=\"577\" data-id=\"52280\" src=\"https:\/\/www.vidademadrid.com\/es\/wp-content\/uploads\/2023\/08\/03-nueva-fuente-puerta-del-sol-006-1024x577.jpg\" alt=\"\" class=\"wp-image-52280\" srcset=\"https:\/\/www.vidademadrid.com\/es\/wp-content\/uploads\/2023\/08\/03-nueva-fuente-puerta-del-sol-006-1024x577.jpg 1024w, https:\/\/www.vidademadrid.com\/es\/wp-content\/uploads\/2023\/08\/03-nueva-fuente-puerta-del-sol-006-300x169.jpg 300w, https:\/\/www.vidademadrid.com\/es\/wp-content\/uploads\/2023\/08\/03-nueva-fuente-puerta-del-sol-006-768x433.jpg 768w, https:\/\/www.vidademadrid.com\/es\/wp-content\/uploads\/2023\/08\/03-nueva-fuente-puerta-del-sol-006-696x392.jpg 696w, https:\/\/www.vidademadrid.com\/es\/wp-content\/uploads\/2023\/08\/03-nueva-fuente-puerta-del-sol-006-1068x602.jpg 1068w, https:\/\/www.vidademadrid.com\/es\/wp-content\/uploads\/2023\/08\/03-nueva-fuente-puerta-del-sol-006-746x420.jpg 746w, https:\/\/www.vidademadrid.com\/es\/wp-content\/uploads\/2023\/08\/03-nueva-fuente-puerta-del-sol-006.jpg 1200w\" sizes=\"auto, (max-width: 1024px) 100vw, 1024px\" \/><\/a><\/figure>\n<\/figure>\n\n\n\n<h2 class=\"wp-block-heading\">Nueva fuente de Carlos III en Puerta del Sol: fotos de noche<\/h2>\n\n\n\n<figure class=\"wp-block-gallery has-nested-images columns-default is-cropped wp-block-gallery-2 is-layout-flex wp-block-gallery-is-layout-flex\">\n<figure class=\"wp-block-image size-large td-caption-align-https:\/\/www.vidademadrid.com\/es\/wp-content\/uploads\/2023\/08\/nueva-fuente-estrellas-puerta-del-sol-004.jpg\"><a href=\"https:\/\/www.vidademadrid.com\/es\/wp-content\/uploads\/2023\/08\/nueva-fuente-estrellas-puerta-del-sol-004.jpg\"><img loading=\"lazy\" decoding=\"async\" width=\"1024\" height=\"576\" data-id=\"52284\" src=\"https:\/\/www.vidademadrid.com\/es\/wp-content\/uploads\/2023\/08\/nueva-fuente-estrellas-puerta-del-sol-004-1024x576.jpg\" alt=\"\" class=\"wp-image-52284\" srcset=\"https:\/\/www.vidademadrid.com\/es\/wp-content\/uploads\/2023\/08\/nueva-fuente-estrellas-puerta-del-sol-004-1024x576.jpg 1024w, https:\/\/www.vidademadrid.com\/es\/wp-content\/uploads\/2023\/08\/nueva-fuente-estrellas-puerta-del-sol-004-300x169.jpg 300w, https:\/\/www.vidademadrid.com\/es\/wp-content\/uploads\/2023\/08\/nueva-fuente-estrellas-puerta-del-sol-004-768x432.jpg 768w, https:\/\/www.vidademadrid.com\/es\/wp-content\/uploads\/2023\/08\/nueva-fuente-estrellas-puerta-del-sol-004-696x392.jpg 696w, https:\/\/www.vidademadrid.com\/es\/wp-content\/uploads\/2023\/08\/nueva-fuente-estrellas-puerta-del-sol-004-1068x601.jpg 1068w, https:\/\/www.vidademadrid.com\/es\/wp-content\/uploads\/2023\/08\/nueva-fuente-estrellas-puerta-del-sol-004-747x420.jpg 747w, https:\/\/www.vidademadrid.com\/es\/wp-content\/uploads\/2023\/08\/nueva-fuente-estrellas-puerta-del-sol-004.jpg 1200w\" sizes=\"auto, (max-width: 1024px) 100vw, 1024px\" \/><\/a><\/figure>\n\n\n\n<figure class=\"wp-block-image size-large td-caption-align-https:\/\/www.vidademadrid.com\/es\/wp-content\/uploads\/2023\/08\/nueva-fuente-estrellas-puerta-del-sol-011.jpg\"><a href=\"https:\/\/www.vidademadrid.com\/es\/wp-content\/uploads\/2023\/08\/nueva-fuente-estrellas-puerta-del-sol-011.jpg\"><img loading=\"lazy\" decoding=\"async\" width=\"576\" height=\"1024\" data-id=\"52283\" src=\"https:\/\/www.vidademadrid.com\/es\/wp-content\/uploads\/2023\/08\/nueva-fuente-estrellas-puerta-del-sol-011-576x1024.jpg\" alt=\"\" class=\"wp-image-52283\" srcset=\"https:\/\/www.vidademadrid.com\/es\/wp-content\/uploads\/2023\/08\/nueva-fuente-estrellas-puerta-del-sol-011-576x1024.jpg 576w, https:\/\/www.vidademadrid.com\/es\/wp-content\/uploads\/2023\/08\/nueva-fuente-estrellas-puerta-del-sol-011-169x300.jpg 169w, https:\/\/www.vidademadrid.com\/es\/wp-content\/uploads\/2023\/08\/nueva-fuente-estrellas-puerta-del-sol-011-236x420.jpg 236w, https:\/\/www.vidademadrid.com\/es\/wp-content\/uploads\/2023\/08\/nueva-fuente-estrellas-puerta-del-sol-011.jpg 675w\" sizes=\"auto, (max-width: 576px) 100vw, 576px\" \/><\/a><\/figure>\n\n\n\n<figure class=\"wp-block-image size-large td-caption-align-https:\/\/www.vidademadrid.com\/es\/wp-content\/uploads\/2023\/08\/nueva-fuente-estrellas-puerta-del-sol-012.jpg\"><a href=\"https:\/\/www.vidademadrid.com\/es\/wp-content\/uploads\/2023\/08\/nueva-fuente-estrellas-puerta-del-sol-012.jpg\"><img loading=\"lazy\" decoding=\"async\" width=\"1024\" height=\"512\" data-id=\"52285\" src=\"https:\/\/www.vidademadrid.com\/es\/wp-content\/uploads\/2023\/08\/nueva-fuente-estrellas-puerta-del-sol-012-1024x512.jpg\" alt=\"\" class=\"wp-image-52285\" srcset=\"https:\/\/www.vidademadrid.com\/es\/wp-content\/uploads\/2023\/08\/nueva-fuente-estrellas-puerta-del-sol-012-1024x512.jpg 1024w, https:\/\/www.vidademadrid.com\/es\/wp-content\/uploads\/2023\/08\/nueva-fuente-estrellas-puerta-del-sol-012-300x150.jpg 300w, https:\/\/www.vidademadrid.com\/es\/wp-content\/uploads\/2023\/08\/nueva-fuente-estrellas-puerta-del-sol-012-768x384.jpg 768w, https:\/\/www.vidademadrid.com\/es\/wp-content\/uploads\/2023\/08\/nueva-fuente-estrellas-puerta-del-sol-012-696x348.jpg 696w, https:\/\/www.vidademadrid.com\/es\/wp-content\/uploads\/2023\/08\/nueva-fuente-estrellas-puerta-del-sol-012-1068x534.jpg 1068w, https:\/\/www.vidademadrid.com\/es\/wp-content\/uploads\/2023\/08\/nueva-fuente-estrellas-puerta-del-sol-012-840x420.jpg 840w, https:\/\/www.vidademadrid.com\/es\/wp-content\/uploads\/2023\/08\/nueva-fuente-estrellas-puerta-del-sol-012.jpg 1200w\" sizes=\"auto, (max-width: 1024px) 100vw, 1024px\" \/><\/a><\/figure>\n\n\n\n<figure class=\"wp-block-image size-large td-caption-align-https:\/\/www.vidademadrid.com\/es\/wp-content\/uploads\/2023\/08\/nueva-fuente-estrellas-puerta-del-sol-013.jpg\"><a href=\"https:\/\/www.vidademadrid.com\/es\/wp-content\/uploads\/2023\/08\/nueva-fuente-estrellas-puerta-del-sol-013.jpg\"><img loading=\"lazy\" decoding=\"async\" width=\"1024\" height=\"576\" data-id=\"52287\" src=\"https:\/\/www.vidademadrid.com\/es\/wp-content\/uploads\/2023\/08\/nueva-fuente-estrellas-puerta-del-sol-013-1024x576.jpg\" alt=\"\" class=\"wp-image-52287\" srcset=\"https:\/\/www.vidademadrid.com\/es\/wp-content\/uploads\/2023\/08\/nueva-fuente-estrellas-puerta-del-sol-013-1024x576.jpg 1024w, https:\/\/www.vidademadrid.com\/es\/wp-content\/uploads\/2023\/08\/nueva-fuente-estrellas-puerta-del-sol-013-300x169.jpg 300w, https:\/\/www.vidademadrid.com\/es\/wp-content\/uploads\/2023\/08\/nueva-fuente-estrellas-puerta-del-sol-013-768x432.jpg 768w, https:\/\/www.vidademadrid.com\/es\/wp-content\/uploads\/2023\/08\/nueva-fuente-estrellas-puerta-del-sol-013-696x392.jpg 696w, https:\/\/www.vidademadrid.com\/es\/wp-content\/uploads\/2023\/08\/nueva-fuente-estrellas-puerta-del-sol-013-1068x601.jpg 1068w, https:\/\/www.vidademadrid.com\/es\/wp-content\/uploads\/2023\/08\/nueva-fuente-estrellas-puerta-del-sol-013-747x420.jpg 747w, https:\/\/www.vidademadrid.com\/es\/wp-content\/uploads\/2023\/08\/nueva-fuente-estrellas-puerta-del-sol-013.jpg 1200w\" sizes=\"auto, (max-width: 1024px) 100vw, 1024px\" \/><\/a><\/figure>\n\n\n\n<figure class=\"wp-block-image size-large td-caption-align-https:\/\/www.vidademadrid.com\/es\/wp-content\/uploads\/2023\/08\/nueva-fuente-estrellas-puerta-del-sol-001.jpg\"><a href=\"https:\/\/www.vidademadrid.com\/es\/wp-content\/uploads\/2023\/08\/nueva-fuente-estrellas-puerta-del-sol-001.jpg\"><img loading=\"lazy\" decoding=\"async\" width=\"577\" height=\"1024\" data-id=\"52288\" src=\"https:\/\/www.vidademadrid.com\/es\/wp-content\/uploads\/2023\/08\/nueva-fuente-estrellas-puerta-del-sol-001-577x1024.jpg\" alt=\"\" class=\"wp-image-52288\" srcset=\"https:\/\/www.vidademadrid.com\/es\/wp-content\/uploads\/2023\/08\/nueva-fuente-estrellas-puerta-del-sol-001-577x1024.jpg 577w, https:\/\/www.vidademadrid.com\/es\/wp-content\/uploads\/2023\/08\/nueva-fuente-estrellas-puerta-del-sol-001-169x300.jpg 169w, https:\/\/www.vidademadrid.com\/es\/wp-content\/uploads\/2023\/08\/nueva-fuente-estrellas-puerta-del-sol-001-237x420.jpg 237w, https:\/\/www.vidademadrid.com\/es\/wp-content\/uploads\/2023\/08\/nueva-fuente-estrellas-puerta-del-sol-001.jpg 676w\" sizes=\"auto, (max-width: 577px) 100vw, 577px\" \/><\/a><\/figure>\n<\/figure>\n","protected":false},"excerpt":{"rendered":"<p>Nuestro reportaje&#8230; de d\u00eda y de noche<\/p>\n","protected":false},"author":1,"featured_media":52282,"comment_status":"open","ping_status":"open","sticky":false,"template":"","format":"standard","meta":{"footnotes":""},"categories":[12,101,187,119,36,3],"tags":[],"class_list":{"0":"post-52273","1":"post","2":"type-post","3":"status-publish","4":"format-standard","5":"has-post-thumbnail","7":"category-actualidad-noticias-madrid","8":"category-ferias-fiestas-mercados-madrid","9":"category-madrid-hoy","10":"category-portada","11":"category-reportajes","12":"category-visita-madrid"},"_links":{"self":[{"href":"https:\/\/www.vidademadrid.com\/es\/wp-json\/wp\/v2\/posts\/52273","targetHints":{"allow":["GET"]}}],"collection":[{"href":"https:\/\/www.vidademadrid.com\/es\/wp-json\/wp\/v2\/posts"}],"about":[{"href":"https:\/\/www.vidademadrid.com\/es\/wp-json\/wp\/v2\/types\/post"}],"author":[{"embeddable":true,"href":"https:\/\/www.vidademadrid.com\/es\/wp-json\/wp\/v2\/users\/1"}],"replies":[{"embeddable":true,"href":"https:\/\/www.vidademadrid.com\/es\/wp-json\/wp\/v2\/comments?post=52273"}],"version-history":[{"count":6,"href":"https:\/\/www.vidademadrid.com\/es\/wp-json\/wp\/v2\/posts\/52273\/revisions"}],"predecessor-version":[{"id":52295,"href":"https:\/\/www.vidademadrid.com\/es\/wp-json\/wp\/v2\/posts\/52273\/revisions\/52295"}],"wp:featuredmedia":[{"embeddable":true,"href":"https:\/\/www.vidademadrid.com\/es\/wp-json\/wp\/v2\/media\/52282"}],"wp:attachment":[{"href":"https:\/\/www.vidademadrid.com\/es\/wp-json\/wp\/v2\/media?parent=52273"}],"wp:term":[{"taxonomy":"category","embeddable":true,"href":"https:\/\/www.vidademadrid.com\/es\/wp-json\/wp\/v2\/categories?post=52273"},{"taxonomy":"post_tag","embeddable":true,"href":"https:\/\/www.vidademadrid.com\/es\/wp-json\/wp\/v2\/tags?post=52273"}],"curies":[{"name":"wp","href":"https:\/\/api.w.org\/{rel}","templated":true}]}}