{"id":52227,"date":"2023-08-30T11:03:58","date_gmt":"2023-08-30T09:03:58","guid":{"rendered":"https:\/\/www.vidademadrid.com\/es\/?p=52227"},"modified":"2023-09-03T13:58:17","modified_gmt":"2023-09-03T11:58:17","slug":"agarra-vida-concierto-solidario-wizink-center-2023","status":"publish","type":"post","link":"https:\/\/www.vidademadrid.com\/es\/52227\/agarra-vida-concierto-solidario-wizink-center-2023\/","title":{"rendered":"Arkano, Blanca Paloma, Nena Daconte y m\u00e1s se presentar\u00e1n en el concierto solidario &#8216;Agarra la vida&#8217;"},"content":{"rendered":"<p>El&nbsp;<strong>concierto solidario &#8216;Agarra la vida&#8217;&nbsp;<\/strong>llega a Madrid con el objetivo de&nbsp;<strong>sensibilizar sobre la salud emocional y la importancia de ese cuidado como factor clave en la prevenci\u00f3n del suicidio.&nbsp;<\/strong>Sigue leyendo este art\u00edculo para conocer toda la informaci\u00f3n.&nbsp;<\/p>\n<h2>Concierto solidario &#8216;Agarra la vida&#8217;<\/h2>\n<p><script async=\"\" src=\"https:\/\/pagead2.googlesyndication.com\/pagead\/js\/adsbygoogle.js\"><\/script> <ins class=\"adsbygoogle\" style=\"display:block\" data-ad-format=\"fluid\" data-ad-layout-key=\"-7f+eo+1+2-5\" data-ad-client=\"ca-pub-7450064428034605\" data-ad-slot=\"7327027071\"><\/ins><script>(adsbygoogle = window.adsbygoogle || []).push({});<\/script><strong>&#8216;Agarra la vida&#8217;,&nbsp;<\/strong>el concierto solidario organizado por el Tel\u00e9fono de la Esperanza para concienciar sobre el suicidio, reunir\u00e1 a artistas como&nbsp;<strong>Rozal\u00e9n, Arkano, Ismael Serrano, Blanca Paloma, El Langui <\/strong>y m\u00e1s.&nbsp;<\/p>\n<p>Este proyecto para concienciar a la sociedad sobre la&nbsp;<strong>importancia del cuidado de la salud mental&nbsp;<\/strong>y como el cuidado y la escucha ayudan a prevenir y reducir que se suicide una persona&nbsp;<strong>cada 40 segundos.&nbsp;<\/strong><\/p>\n<h2>Entradas Concierto solidad &#8216;Agarra la vida&#8217;<\/h2>\n<p><script async=\"\" src=\"https:\/\/pagead2.googlesyndication.com\/pagead\/js\/adsbygoogle.js\"><\/script> <ins class=\"adsbygoogle\" style=\"display:block; text-align:center;\" data-ad-layout=\"in-article\" data-ad-format=\"fluid\" data-ad-client=\"ca-pub-7450064428034605\" data-ad-slot=\"5670045061\"><\/ins> <script>(adsbygoogle = window.adsbygoogle || []).push({});<\/script>El concierto ser\u00e1 el <strong>7 de septiembre de 2023 <\/strong>a las <strong>20.30 horas <\/strong>en el <strong>Wizink Center <\/strong>(Metro Goya). Las entradas del concierto cuestan&nbsp;<strong>20 euros&nbsp;<\/strong>y se pueden adquirir en este <a href=\"https:\/\/www.wizinkcenter.es\/informacion?evento=concierto-solidario-agarra-la-vida\">enlace<\/a>.&nbsp;<\/p>\n<figure id=\"attachment_52229\" aria-describedby=\"caption-attachment-52229\" style=\"width: 940px\" class=\"wp-caption alignnone\"><a href=\"https:\/\/www.vidademadrid.com\/es\/wp-content\/uploads\/2023\/08\/20230705091127-evento.png\"><img loading=\"lazy\" decoding=\"async\" class=\"size-full wp-image-52229\" src=\"https:\/\/www.vidademadrid.com\/es\/wp-content\/uploads\/2023\/08\/20230705091127-evento.png\" alt=\"\" width=\"940\" height=\"450\" srcset=\"https:\/\/www.vidademadrid.com\/es\/wp-content\/uploads\/2023\/08\/20230705091127-evento.png 940w, https:\/\/www.vidademadrid.com\/es\/wp-content\/uploads\/2023\/08\/20230705091127-evento-300x144.png 300w, https:\/\/www.vidademadrid.com\/es\/wp-content\/uploads\/2023\/08\/20230705091127-evento-768x368.png 768w, https:\/\/www.vidademadrid.com\/es\/wp-content\/uploads\/2023\/08\/20230705091127-evento-696x333.png 696w, https:\/\/www.vidademadrid.com\/es\/wp-content\/uploads\/2023\/08\/20230705091127-evento-877x420.png 877w\" sizes=\"auto, (max-width: 940px) 100vw, 940px\" \/><\/a><figcaption id=\"caption-attachment-52229\" class=\"wp-caption-text\">Foto: Wizink Center<\/figcaption><\/figure>\n","protected":false},"excerpt":{"rendered":"<p>Buscan concienciar sobre el suicidio. <\/p>\n","protected":false},"author":15,"featured_media":52228,"comment_status":"open","ping_status":"open","sticky":false,"template":"","format":"standard","meta":{"footnotes":""},"categories":[22,115],"tags":[],"class_list":{"0":"post-52227","1":"post","2":"type-post","3":"status-publish","4":"format-standard","5":"has-post-thumbnail","7":"category-conciertos-madrid","8":"category-planes-del-momento-madrid"},"_links":{"self":[{"href":"https:\/\/www.vidademadrid.com\/es\/wp-json\/wp\/v2\/posts\/52227","targetHints":{"allow":["GET"]}}],"collection":[{"href":"https:\/\/www.vidademadrid.com\/es\/wp-json\/wp\/v2\/posts"}],"about":[{"href":"https:\/\/www.vidademadrid.com\/es\/wp-json\/wp\/v2\/types\/post"}],"author":[{"embeddable":true,"href":"https:\/\/www.vidademadrid.com\/es\/wp-json\/wp\/v2\/users\/15"}],"replies":[{"embeddable":true,"href":"https:\/\/www.vidademadrid.com\/es\/wp-json\/wp\/v2\/comments?post=52227"}],"version-history":[{"count":2,"href":"https:\/\/www.vidademadrid.com\/es\/wp-json\/wp\/v2\/posts\/52227\/revisions"}],"predecessor-version":[{"id":52231,"href":"https:\/\/www.vidademadrid.com\/es\/wp-json\/wp\/v2\/posts\/52227\/revisions\/52231"}],"wp:featuredmedia":[{"embeddable":true,"href":"https:\/\/www.vidademadrid.com\/es\/wp-json\/wp\/v2\/media\/52228"}],"wp:attachment":[{"href":"https:\/\/www.vidademadrid.com\/es\/wp-json\/wp\/v2\/media?parent=52227"}],"wp:term":[{"taxonomy":"category","embeddable":true,"href":"https:\/\/www.vidademadrid.com\/es\/wp-json\/wp\/v2\/categories?post=52227"},{"taxonomy":"post_tag","embeddable":true,"href":"https:\/\/www.vidademadrid.com\/es\/wp-json\/wp\/v2\/tags?post=52227"}],"curies":[{"name":"wp","href":"https:\/\/api.w.org\/{rel}","templated":true}]}}