{"id":52198,"date":"2023-08-29T17:21:09","date_gmt":"2023-08-29T15:21:09","guid":{"rendered":"https:\/\/www.vidademadrid.com\/es\/?p=52198"},"modified":"2023-09-03T13:58:25","modified_gmt":"2023-09-03T11:58:25","slug":"fiestas-del-motin-2023-aranjuez-fechas-programa","status":"publish","type":"post","link":"https:\/\/www.vidademadrid.com\/es\/52198\/fiestas-del-motin-2023-aranjuez-fechas-programa\/","title":{"rendered":"Fiestas del Mot\u00edn 2023 en Aranjuez"},"content":{"rendered":"\n<p><span class=\"css-901oao css-16my406 r-poiln3 r-bcqeeo r-qvutc0\"><span>Las tradicionales&nbsp;<strong>fiestas del Mot\u00edn de Aranjuez&nbsp;<\/strong>vuelven este&nbsp;2023. Estas fiestas, declaradas <strong>Inter\u00e9s Tur\u00edstico Internacional,&nbsp;<\/strong>se celebran este mes de septiembre y cuentan con una escenificaci\u00f3n de los motines contra Godoy que sucedieron en 1808, adem\u00e1s de otras muchas actividades. Sigue leyendo este art\u00edculo para conocer toda la informaci\u00f3n.&nbsp;<\/span><\/span><\/p>\n\n\n\n<h2 class=\"wp-block-heading\">Fiestas del Mot\u00edn 2023 Aranjuez: Fechas y programa&nbsp;<\/h2>\n\n\n\n<script async=\"\" src=\"https:\/\/pagead2.googlesyndication.com\/pagead\/js\/adsbygoogle.js\"><\/script> <ins class=\"adsbygoogle\" style=\"display:block\" data-ad-format=\"fluid\" data-ad-layout-key=\"-7f+eo+1+2-5\" data-ad-client=\"ca-pub-7450064428034605\" data-ad-slot=\"7327027071\"><\/ins><script>(adsbygoogle = window.adsbygoogle || []).push({});<\/script>\n\n\n\n<p>Las fiestas del Mot\u00edn y las representaciones propias de esta celebraci\u00f3n tendr\u00e1n lugar del <strong>6&nbsp;al 10 de septiembre del 2023&nbsp;<\/strong>en la&nbsp;<strong>plaza de la Constituci\u00f3n de Aranjuez.&nbsp;<\/strong>En las&nbsp;<strong>fiestas del Mot\u00edn&nbsp;<\/strong>se representa el&nbsp;<strong>Mot\u00edn&nbsp;<\/strong>en los mismos lugares que fueron el escenario de los acontecimientos de 1808 como: la Plaza de la Parada del Palacio Real, el Palacio de Godoy, el r\u00edo Tajo, la Plaza de Toros y las antiguas calles. Adem\u00e1s, se representa el&nbsp;<strong>asalto y quema de la Casa de Godoy, el descenso Pirata del Tajo, la Corrida Goyesca&nbsp;<\/strong>y otros sucesos.&nbsp;<\/p>\n\n\n\n<p>Entre las <strong>actividades m\u00e1s destacadas<\/strong> podr\u00e1s disfrutar de: La paella popular (8 de septiembre a la 13.30 h),&nbsp;Asalto a la casa de Godoy (8 de septiembre a las 21.30 h),&nbsp;Escenificaci\u00f3n del mot\u00edn de Aranjuez (9 de septiembre a las 22 h), exhibici\u00f3n de fuegos artificiales (10 de septiembre a las 00 h). Las&nbsp;<strong>fiestas del Mot\u00edn&nbsp;<\/strong>completan su programa de actividades con&nbsp;<strong>actos culturales, deportivos, atracciones infantiles, espect\u00e1culos taurinos, conciertos y grandes verbenas. <\/strong>Descubre el programa completo <a href=\"https:\/\/www.aranjuez.es\/actualidad\/aranjuez-celebra-sus-tradicionales-fiestas-del-motin\/#:~:text=Aranjuez%2C%2022%20de%20agosto%20de,Inter%C3%A9s%20Tur%C3%ADstico%20Internacional%20en%202014.\">aqu\u00ed<\/a>.&nbsp;<\/p>\n\n\n\n<h2 class=\"wp-block-heading\">Fiestas del Mot\u00edn 2023 Aranjuez: Historia&nbsp;<\/h2>\n\n\n\n<script async=\"\" src=\"https:\/\/pagead2.googlesyndication.com\/pagead\/js\/adsbygoogle.js\"><\/script> <ins class=\"adsbygoogle\" style=\"display:block; text-align:center;\" data-ad-layout=\"in-article\" data-ad-format=\"fluid\" data-ad-client=\"ca-pub-7450064428034605\" data-ad-slot=\"5670045061\"><\/ins> <script>(adsbygoogle = window.adsbygoogle || []).push({});<\/script>\n\n\n\n<p>Las&nbsp;<strong>fiestas del Mot\u00edn de Aranjuez, declaradas&nbsp;Inter\u00e9s Tur\u00edstico Nacional en 1990 y de Inter\u00e9s Tur\u00edstico Internacional en 2014,&nbsp;<\/strong><strong>&nbsp;<\/strong>basan su representaci\u00f3n en los&nbsp;Episodio Nacionales de P\u00e9rez Gald\u00f3sy est\u00e1 a cargo de un centenar de vecinos de la localidad.&nbsp;<\/p>\n\n\n\n<p>Estas fiestas, que nacen del sentimiento popular que recuerda una \u00e9poca hist\u00f3rica vital para el desarrollo social y pol\u00edtico de Espa\u00f1a, rememoran los&nbsp;<strong>hechos hist\u00f3ricos&nbsp;<\/strong>que sucedieron en 1808 y culminaron con la&nbsp;<strong>ca\u00edda de Godoy&nbsp;<\/strong>y la abdicaci\u00f3n de&nbsp;<strong>Carlos IV&nbsp;<\/strong>en favor de su hijo&nbsp;<strong>Fernando VII.&nbsp;<\/strong><\/p>\n","protected":false},"excerpt":{"rendered":"<p>Del 6 al 10 de septiembre <\/p>\n","protected":false},"author":13,"featured_media":52202,"comment_status":"open","ping_status":"open","sticky":false,"template":"","format":"standard","meta":{"footnotes":""},"categories":[25,11,111,115],"tags":[],"class_list":{"0":"post-52198","1":"post","2":"type-post","3":"status-publish","4":"format-standard","5":"has-post-thumbnail","7":"category-escapadas-desde-madrid","8":"category-eventos-madrid","9":"category-exposiciones-madrid","10":"category-planes-del-momento-madrid"},"_links":{"self":[{"href":"https:\/\/www.vidademadrid.com\/es\/wp-json\/wp\/v2\/posts\/52198","targetHints":{"allow":["GET"]}}],"collection":[{"href":"https:\/\/www.vidademadrid.com\/es\/wp-json\/wp\/v2\/posts"}],"about":[{"href":"https:\/\/www.vidademadrid.com\/es\/wp-json\/wp\/v2\/types\/post"}],"author":[{"embeddable":true,"href":"https:\/\/www.vidademadrid.com\/es\/wp-json\/wp\/v2\/users\/13"}],"replies":[{"embeddable":true,"href":"https:\/\/www.vidademadrid.com\/es\/wp-json\/wp\/v2\/comments?post=52198"}],"version-history":[{"count":4,"href":"https:\/\/www.vidademadrid.com\/es\/wp-json\/wp\/v2\/posts\/52198\/revisions"}],"predecessor-version":[{"id":52207,"href":"https:\/\/www.vidademadrid.com\/es\/wp-json\/wp\/v2\/posts\/52198\/revisions\/52207"}],"wp:featuredmedia":[{"embeddable":true,"href":"https:\/\/www.vidademadrid.com\/es\/wp-json\/wp\/v2\/media\/52202"}],"wp:attachment":[{"href":"https:\/\/www.vidademadrid.com\/es\/wp-json\/wp\/v2\/media?parent=52198"}],"wp:term":[{"taxonomy":"category","embeddable":true,"href":"https:\/\/www.vidademadrid.com\/es\/wp-json\/wp\/v2\/categories?post=52198"},{"taxonomy":"post_tag","embeddable":true,"href":"https:\/\/www.vidademadrid.com\/es\/wp-json\/wp\/v2\/tags?post=52198"}],"curies":[{"name":"wp","href":"https:\/\/api.w.org\/{rel}","templated":true}]}}