{"id":52190,"date":"2023-08-29T11:20:42","date_gmt":"2023-08-29T09:20:42","guid":{"rendered":"https:\/\/www.vidademadrid.com\/es\/?p=52190"},"modified":"2023-08-29T11:20:45","modified_gmt":"2023-08-29T09:20:45","slug":"mamma-mia-musical-segunda-temporada-entradas-2023","status":"publish","type":"post","link":"https:\/\/www.vidademadrid.com\/es\/52190\/mamma-mia-musical-segunda-temporada-entradas-2023\/","title":{"rendered":"\u00abMamma Mia! El Musical\u00bb comenzar\u00e1 su segunda temporada en la Gran V\u00eda"},"content":{"rendered":"<p>El musical <strong>\u00abMamma Mia!\u00bb&nbsp;<\/strong>ha conquistado la&nbsp;<strong>Gran V\u00eda&nbsp;<\/strong>y el p\u00fablico madrile\u00f1o con m\u00e1s de 300 mil espectadores. Su segunda temporada tendr\u00e1 una&nbsp;<strong>nueva versi\u00f3n&nbsp;<\/strong>del musical. Sigue leyendo este art\u00edculo para conocer toda la informaci\u00f3n.&nbsp;<\/p>\n<h2 class=\"p1\">\u00abMamma Mia! El musical\u00bb<\/h2>\n<p><script async=\"\" src=\"https:\/\/pagead2.googlesyndication.com\/pagead\/js\/adsbygoogle.js\"><\/script> <ins class=\"adsbygoogle\" style=\"display:block\" data-ad-format=\"fluid\" data-ad-layout-key=\"-7f+eo+1+2-5\" data-ad-client=\"ca-pub-7450064428034605\" data-ad-slot=\"7327027071\"><\/ins><script>(adsbygoogle = window.adsbygoogle || []).push({});<\/script>El musical con los \u00e9xitos de ABBA,&nbsp;<strong>\u00abMamma Mia!\u00bb,&nbsp;<\/strong>se quedar\u00e1 una temporada m\u00e1s en la <strong>Gran V\u00eda&nbsp;<\/strong>de Madrid donde m\u00e1s de&nbsp;<strong>300 mil espectadores&nbsp;<\/strong>han cantado y bailado con Donna, Tania, Rosie, Sophie, Sky y todo el elenco.&nbsp;<\/p>\n<p>Esta segunda temporada, <strong>\u00abMamma Mia!\u00bb&nbsp;<\/strong>contar\u00e1 con una <strong>espectacular nueva escenograf\u00eda, nuevas coreograf\u00edas&nbsp;<\/strong>originales, arreglos musicales renovados y nuevos vestuarios.&nbsp;<\/p>\n<p><strong>\u00abMamma Mia! El Musical\u00bb <\/strong>cuenta la historia de&nbsp;<strong>Donna,&nbsp;<\/strong>una madre soltera e independiente, que regenta un peque\u00f1o hotel en una peque\u00f1a isla griega. Su hija, Sophie, se casar\u00e1 pr\u00f3ximamente. Sin que su madre lo supiera, Sophie lee el diario de su madre y descubre que tiene \u00a1tres posibles padres! Ella decide invitarlos a la boda para salir de su incertidumbre. Esta historia de amor, reencuentros, amistad y mucha m\u00fasica te har\u00e1n re\u00edr y emocionarte a partes iguales.&nbsp;<\/p>\n<h2>Segunda temporada de \u00abMamma Mia!\u00bb&nbsp;<\/h2>\n<p><script async=\"\" src=\"https:\/\/pagead2.googlesyndication.com\/pagead\/js\/adsbygoogle.js\"><\/script> <ins class=\"adsbygoogle\" style=\"display:block; text-align:center;\" data-ad-layout=\"in-article\" data-ad-format=\"fluid\" data-ad-client=\"ca-pub-7450064428034605\" data-ad-slot=\"5670045061\"><\/ins> <script>(adsbygoogle = window.adsbygoogle || []).push({});<\/script>A partir del&nbsp;<strong>1 de septiembre,<\/strong>&nbsp;<strong>\u00abMamma Mia! El Musical\u00bb<\/strong> comenzar\u00e1 la segunda temporada en el&nbsp;<strong>Teatro Rialto&nbsp;<\/strong>de la Gran V\u00eda (Metro Plaza de Espa\u00f1a \/ Santo Domingo \/ Callao).&nbsp;<\/p>\n<p>Las entradas ya est\u00e1n disponibles y se pueden adquirir en este <a href=\"https:\/\/mammamiaelmusical.es\/entradas\/\">enlace<\/a>.&nbsp;<\/p>\n","protected":false},"excerpt":{"rendered":"<p>Tendr\u00e1 nuevas coreograf\u00edas, escenograf\u00eda y vestuario. <\/p>\n","protected":false},"author":15,"featured_media":52191,"comment_status":"open","ping_status":"open","sticky":false,"template":"","format":"standard","meta":{"footnotes":""},"categories":[111],"tags":[],"class_list":{"0":"post-52190","1":"post","2":"type-post","3":"status-publish","4":"format-standard","5":"has-post-thumbnail","7":"category-exposiciones-madrid"},"_links":{"self":[{"href":"https:\/\/www.vidademadrid.com\/es\/wp-json\/wp\/v2\/posts\/52190","targetHints":{"allow":["GET"]}}],"collection":[{"href":"https:\/\/www.vidademadrid.com\/es\/wp-json\/wp\/v2\/posts"}],"about":[{"href":"https:\/\/www.vidademadrid.com\/es\/wp-json\/wp\/v2\/types\/post"}],"author":[{"embeddable":true,"href":"https:\/\/www.vidademadrid.com\/es\/wp-json\/wp\/v2\/users\/15"}],"replies":[{"embeddable":true,"href":"https:\/\/www.vidademadrid.com\/es\/wp-json\/wp\/v2\/comments?post=52190"}],"version-history":[{"count":2,"href":"https:\/\/www.vidademadrid.com\/es\/wp-json\/wp\/v2\/posts\/52190\/revisions"}],"predecessor-version":[{"id":52193,"href":"https:\/\/www.vidademadrid.com\/es\/wp-json\/wp\/v2\/posts\/52190\/revisions\/52193"}],"wp:featuredmedia":[{"embeddable":true,"href":"https:\/\/www.vidademadrid.com\/es\/wp-json\/wp\/v2\/media\/52191"}],"wp:attachment":[{"href":"https:\/\/www.vidademadrid.com\/es\/wp-json\/wp\/v2\/media?parent=52190"}],"wp:term":[{"taxonomy":"category","embeddable":true,"href":"https:\/\/www.vidademadrid.com\/es\/wp-json\/wp\/v2\/categories?post=52190"},{"taxonomy":"post_tag","embeddable":true,"href":"https:\/\/www.vidademadrid.com\/es\/wp-json\/wp\/v2\/tags?post=52190"}],"curies":[{"name":"wp","href":"https:\/\/api.w.org\/{rel}","templated":true}]}}