{"id":52172,"date":"2023-08-28T10:40:16","date_gmt":"2023-08-28T08:40:16","guid":{"rendered":"https:\/\/www.vidademadrid.com\/es\/?p=52172"},"modified":"2023-08-28T10:40:19","modified_gmt":"2023-08-28T08:40:19","slug":"el-misterio-el-bosco-experiencia-inmersiva-entradas-2023","status":"publish","type":"post","link":"https:\/\/www.vidademadrid.com\/es\/52172\/el-misterio-el-bosco-experiencia-inmersiva-entradas-2023\/","title":{"rendered":"\u00abEl misterio de El Bosco\u00bb, la nueva experiencia inmersiva en la que podr\u00e1s adentrarte en el mundo del pintor flamenco llega a Madrid"},"content":{"rendered":"<p>Una nueva\u00a0<strong>exposici\u00f3n inmersiva\u00a0<\/strong>llega a Madrid para conocer el\u00a0<strong>mundo de El Bosco\u00a0<\/strong>hasta el m\u00ednimo detalle. Sigue leyendo este art\u00edculo para conocer todo sobre\u00a0<strong>\u00abEl misterio de El Bosco\u00bb.\u00a0<\/strong><\/p>\n<h2>\u00abEl misterio de El Bosco\u00bb<\/h2>\n<p><script async=\"\" src=\"https:\/\/pagead2.googlesyndication.com\/pagead\/js\/adsbygoogle.js\"><\/script> <ins class=\"adsbygoogle\" style=\"display: block;\" data-ad-format=\"fluid\" data-ad-layout-key=\"-7f+eo+1+2-5\" data-ad-client=\"ca-pub-7450064428034605\" data-ad-slot=\"7327027071\"><\/ins><script>(adsbygoogle = window.adsbygoogle || []).push({});<\/script><\/p>\n<p>El\u00a0<strong>Nomad Museo Inmersivo\u00a0<\/strong>tiene una\u00a0<strong>nueva exposici\u00f3n inmersiva\u00a0<\/strong>en la que te podr\u00e1s adentrar en el\u00a0mundo de El Bosco a trav\u00e9s de proyecciones de 35 minutos.\u00a0<strong>\u00abEl misterio de El Bosco\u00bb\u00a0<\/strong>combina la tecnolog\u00eda con el mundo on\u00edrico y grotesco del pintor.<\/p>\n<p>En la exposici\u00f3n se podr\u00e1 ver casi toda la obra de Hieronymus Bosch, El Bosco, para destacar personajes, la riqueza simb\u00f3lica de sus im\u00e1genes y pasear por su obra m\u00e1s importante\u00a0<strong>&#8216;El Jard\u00edn de las delicias&#8217;.\u00a0<\/strong><\/p>\n<p>Esta es la primera exposici\u00f3n inmersiva del pintor flamenco. Las im\u00e1genes son acompa\u00f1adas por la m\u00fasica del compositor alicantino\u00a0<strong>Adri\u00e1n Berenguer,\u00a0<\/strong>que ha compuesto una banda sonora original para la exposici\u00f3n.<\/p>\n<h2>Visita la exposici\u00f3n<\/h2>\n<p><script async=\"\" src=\"https:\/\/pagead2.googlesyndication.com\/pagead\/js\/adsbygoogle.js\"><\/script> <ins class=\"adsbygoogle\" style=\"display: block; text-align: center;\" data-ad-layout=\"in-article\" data-ad-format=\"fluid\" data-ad-client=\"ca-pub-7450064428034605\" data-ad-slot=\"5670045061\"><\/ins> <script>(adsbygoogle = window.adsbygoogle || []).push({});<\/script><\/p>\n<p><strong>\u00abEl misterio de El Bosco\u00bb\u00a0<\/strong>se podr\u00e1 visitar en el\u00a0<strong>Nomad Museo Inmersivo,\u00a0<\/strong>situado en la Gran V\u00eda (Metro Plaza de Espa\u00f1a \/ Santo Domingo \/ Callao). El horario de visita es de\u00a0<strong>domingo a jueves\u00a0<\/strong>de 10 a 22 horas y los\u00a0<strong>viernes y s\u00e1bados\u00a0<\/strong>de 10 a 24 horas.<\/p>\n<p>Las entradas de adultos van desde los 18 euros y se pueden comprar en este <a href=\"https:\/\/www.nomadmuseo.es\/\">enlace<\/a>.<\/p>\n","protected":false},"excerpt":{"rendered":"<p>Te podr\u00e1s adentrar en el mundo de este artista con esta experiencia. <\/p>\n","protected":false},"author":15,"featured_media":52173,"comment_status":"open","ping_status":"open","sticky":false,"template":"","format":"standard","meta":{"footnotes":""},"categories":[111,119],"tags":[],"class_list":{"0":"post-52172","1":"post","2":"type-post","3":"status-publish","4":"format-standard","5":"has-post-thumbnail","7":"category-exposiciones-madrid","8":"category-portada"},"_links":{"self":[{"href":"https:\/\/www.vidademadrid.com\/es\/wp-json\/wp\/v2\/posts\/52172","targetHints":{"allow":["GET"]}}],"collection":[{"href":"https:\/\/www.vidademadrid.com\/es\/wp-json\/wp\/v2\/posts"}],"about":[{"href":"https:\/\/www.vidademadrid.com\/es\/wp-json\/wp\/v2\/types\/post"}],"author":[{"embeddable":true,"href":"https:\/\/www.vidademadrid.com\/es\/wp-json\/wp\/v2\/users\/15"}],"replies":[{"embeddable":true,"href":"https:\/\/www.vidademadrid.com\/es\/wp-json\/wp\/v2\/comments?post=52172"}],"version-history":[{"count":1,"href":"https:\/\/www.vidademadrid.com\/es\/wp-json\/wp\/v2\/posts\/52172\/revisions"}],"predecessor-version":[{"id":52174,"href":"https:\/\/www.vidademadrid.com\/es\/wp-json\/wp\/v2\/posts\/52172\/revisions\/52174"}],"wp:featuredmedia":[{"embeddable":true,"href":"https:\/\/www.vidademadrid.com\/es\/wp-json\/wp\/v2\/media\/52173"}],"wp:attachment":[{"href":"https:\/\/www.vidademadrid.com\/es\/wp-json\/wp\/v2\/media?parent=52172"}],"wp:term":[{"taxonomy":"category","embeddable":true,"href":"https:\/\/www.vidademadrid.com\/es\/wp-json\/wp\/v2\/categories?post=52172"},{"taxonomy":"post_tag","embeddable":true,"href":"https:\/\/www.vidademadrid.com\/es\/wp-json\/wp\/v2\/tags?post=52172"}],"curies":[{"name":"wp","href":"https:\/\/api.w.org\/{rel}","templated":true}]}}