{"id":52094,"date":"2023-08-22T13:38:48","date_gmt":"2023-08-22T11:38:48","guid":{"rendered":"https:\/\/www.vidademadrid.com\/es\/?p=52094"},"modified":"2023-08-24T17:53:15","modified_gmt":"2023-08-24T15:53:15","slug":"renfe-lanza-el-tren-de-la-ceramica-que-conectara-madrid-con-talavera-de-la-reina","status":"publish","type":"post","link":"https:\/\/www.vidademadrid.com\/es\/52094\/renfe-lanza-el-tren-de-la-ceramica-que-conectara-madrid-con-talavera-de-la-reina\/","title":{"rendered":"Renfe lanza el \u00abTren de la Cer\u00e1mica\u00bb, que conectar\u00e1 Madrid con Talavera de la Reina"},"content":{"rendered":"\n<p>Adentrarse en el mundo de la cer\u00e1mica no muy lejos de Madrid se podr\u00e1 hacer de una forma diferente con el nuevo <strong>\u00abTren de la Cer\u00e1mica\u00bb<\/strong>. Por el momento solo hay programada una fecha de salida, as\u00ed que sigue leyendo para conocer toda la informaci\u00f3n sobre esta experiencia y la compra de billetes.<\/p>\n\n\n\n<h2 class=\"wp-block-heading\">El \u00abTren de la Cer\u00e1mica\u00bb, un viaje diferente de Madrid a Talavera de la Reina<\/h2>\n\n\n\n<script async src=\"https:\/\/pagead2.googlesyndication.com\/pagead\/js\/adsbygoogle.js\"><\/script> <ins class=\"adsbygoogle\"  style=\"display:block\" data-ad-format=\"fluid\" data-ad-layout-key=\"-7f+eo+1+2-5\" data-ad-client=\"ca-pub-7450064428034605\" data-ad-slot=\"7327027071\"><\/ins><script>(adsbygoogle = window.adsbygoogle || []).push({});<\/script>\n\n\n\n\n<p><strong>Talavera de la Reina<\/strong>, tambi\u00e9n conocido como <strong>\u201cCiudad de la Cer\u00e1mica\u00bb<\/strong> se convertir\u00e1 el <strong>28 de octubre<\/strong> en el destino elegido por mucho de los madrile\u00f1os. Esto ser\u00e1 gracias a que Renfe en colaboraci\u00f3n con Turismo de Castilla-La Mancha, pondr\u00e1 en marcha un nuevo servicio:<a href=\"https:\/\/www.renfe.com\/es\/es\/experiencias\/trenes-tematicos\/trenes-turisticos-castilla-la-mancha\/tren-ceramica\"> el \u00abTren de la Cer\u00e1mica\u00bb que conectar\u00e1 Madrid con esta ciudad de Toledo<\/a> para ofrecer a los viajeros una experiencia diferente durante ese \u00fanico d\u00eda.<\/p>\n\n\n\n<p>Este billete adem\u00e1s del transporte incluir\u00e1:<\/p>\n\n\n\n<ul class=\"wp-block-list\"><li><strong>Visitas guiadas<\/strong> a los lugares m\u00e1s tur\u00edsticos, culturales y etnogr\u00e1ficos de la ciudad: las murallas, las Torres Albarranas, la Bas\u00edlica de Nuestra Se\u00f1ora del Prado, el Museo de Cer\u00e1mica Ruiz de Luna y el Museo Etnogr\u00e1fico<\/li><li>Un <strong>taller de cer\u00e1mica<\/strong><\/li><\/ul>\n\n\n\n<h2 class=\"wp-block-heading\">\u00abTren de la Cer\u00e1mica\u00bb: Billetes<\/h2>\n\n\n\n<script async src=\"https:\/\/pagead2.googlesyndication.com\/pagead\/js\/adsbygoogle.js\"><\/script> <ins class=\"adsbygoogle\" style=\"display:block; text-align:center;\" data-ad-layout=\"in-article\" data-ad-format=\"fluid\" data-ad-client=\"ca-pub-7450064428034605\" data-ad-slot=\"5670045061\"><\/ins> <script>(adsbygoogle = window.adsbygoogle || []).push({});<\/script>\n\n\n\n\n<p>El precio de este viaje tan especial&nbsp;es de <strong>50 euros<\/strong> para los adultos y de <strong>20 euros<\/strong> para los <strong>menores de 14 a\u00f1os<\/strong>. Los menores de 4 a\u00f1os que no ocupen asiento podr\u00e1n viajar gratis.<\/p>\n\n\n\n<p>Para adquirir tu billete a vivir esta experiencia podr\u00e1s comprarlo<a href=\"https:\/\/www.renfe.com\/es\/es\/experiencias\/trenes-tematicos\/trenes-turisticos-castilla-la-mancha\/tren-ceramica\"> a trav\u00e9s de la p\u00e1gina web de Renfe<\/a>, en las taquillas de las estaciones, en el 91 232 03 20 y en agencias de viajes presenciales y virtuales.<\/p>\n","protected":false},"excerpt":{"rendered":"<p>Con visitas guiadas incluidas <\/p>\n","protected":false},"author":13,"featured_media":52096,"comment_status":"open","ping_status":"open","sticky":false,"template":"","format":"standard","meta":{"footnotes":""},"categories":[25,187],"tags":[],"class_list":{"0":"post-52094","1":"post","2":"type-post","3":"status-publish","4":"format-standard","5":"has-post-thumbnail","7":"category-escapadas-desde-madrid","8":"category-madrid-hoy"},"_links":{"self":[{"href":"https:\/\/www.vidademadrid.com\/es\/wp-json\/wp\/v2\/posts\/52094","targetHints":{"allow":["GET"]}}],"collection":[{"href":"https:\/\/www.vidademadrid.com\/es\/wp-json\/wp\/v2\/posts"}],"about":[{"href":"https:\/\/www.vidademadrid.com\/es\/wp-json\/wp\/v2\/types\/post"}],"author":[{"embeddable":true,"href":"https:\/\/www.vidademadrid.com\/es\/wp-json\/wp\/v2\/users\/13"}],"replies":[{"embeddable":true,"href":"https:\/\/www.vidademadrid.com\/es\/wp-json\/wp\/v2\/comments?post=52094"}],"version-history":[{"count":2,"href":"https:\/\/www.vidademadrid.com\/es\/wp-json\/wp\/v2\/posts\/52094\/revisions"}],"predecessor-version":[{"id":52097,"href":"https:\/\/www.vidademadrid.com\/es\/wp-json\/wp\/v2\/posts\/52094\/revisions\/52097"}],"wp:featuredmedia":[{"embeddable":true,"href":"https:\/\/www.vidademadrid.com\/es\/wp-json\/wp\/v2\/media\/52096"}],"wp:attachment":[{"href":"https:\/\/www.vidademadrid.com\/es\/wp-json\/wp\/v2\/media?parent=52094"}],"wp:term":[{"taxonomy":"category","embeddable":true,"href":"https:\/\/www.vidademadrid.com\/es\/wp-json\/wp\/v2\/categories?post=52094"},{"taxonomy":"post_tag","embeddable":true,"href":"https:\/\/www.vidademadrid.com\/es\/wp-json\/wp\/v2\/tags?post=52094"}],"curies":[{"name":"wp","href":"https:\/\/api.w.org\/{rel}","templated":true}]}}