{"id":52087,"date":"2023-08-30T15:00:13","date_gmt":"2023-08-30T13:00:13","guid":{"rendered":"https:\/\/www.vidademadrid.com\/es\/?p=52087"},"modified":"2023-08-30T17:36:43","modified_gmt":"2023-08-30T15:36:43","slug":"tren-felipe-recorrido-avila-fecha-2023","status":"publish","type":"post","link":"https:\/\/www.vidademadrid.com\/es\/52087\/tren-felipe-recorrido-avila-fecha-2023\/","title":{"rendered":"El Tren de Felipe II viajar\u00e1 a las Jornadas Medievales de \u00c1vila este fin de semana"},"content":{"rendered":"<p>El\u00a0<strong>Tren de Felipe II\u00a0<\/strong>saldr\u00e1 de las fronteras de la\u00a0<strong>Comunidad de Madrid\u00a0<\/strong>y llegar\u00e1 a\u00a0<strong>\u00c1vila\u00a0<\/strong>este septiembre para las\u00a0<strong>jornadas medievales.\u00a0<\/strong>Sigue leyendo este art\u00edculo para conocer toda la informaci\u00f3n.<\/p>\n<h1>Actualizaci\u00f3n: 30 de agosto de 2023<\/h1>\n<h2>Tren hist\u00f3rico a las Jornadas Medievales de \u00c1vila<\/h2>\n<p>El\u00a0<strong>Tren Hist\u00f3rico de Felipe II\u00a0<\/strong>har\u00e1 un viaje en el tiempo que te transportar\u00e1 hasta el siglo XV en las\u00a0<strong>Jornadas Medievales de \u00c1vila.\u00a0<\/strong>El tren de los a\u00f1os 50 del siglo XX te llevar\u00e1 a trav\u00e9s de la Sierra de Guadarrama hasta \u00c1vila, donde podr\u00e1s disfrutar de\u00a0<strong>desfiles, torneos, espect\u00e1culos, gastronom\u00eda, m\u00fasica y diversi\u00f3n.\u00a0<\/strong><\/p>\n<p>Las\u00a0<strong>Jornadas Medievales de \u00c1vila\u00a0<\/strong>tambi\u00e9n se conocen como el Mercado de las Tres Culturas y ofrecen la oportunidad de disfrutar del patrimonio cultural, hist\u00f3rico y gastron\u00f3mico de la ciudad.<\/p>\n<h2>Tren hist\u00f3rico a \u00c1vila: fecha y billetes<\/h2>\n<p>El\u00a0<strong>Tren Hist\u00f3rico de Felipe II\u00a0<\/strong>llegar\u00e1 a \u00c1vila el\u00a0<strong>2 de septiembre de 2023.\u00a0<\/strong>Saldr\u00e1 desde la estaci\u00f3n de <strong>Pr\u00edncipe P\u00edo\u00a0<\/strong>a las\u00a0<strong>10.20 horas\u00a0<\/strong>y la llegada ser\u00e1 a las <strong>19 horas.\u00a0<\/strong><\/p>\n<p>El precio del\u00a0<strong>tren hist\u00f3rico ida y vuelta\u00a0<\/strong>es desde los\u00a0<strong>24 euros para adultos\u00a0<\/strong>y\u00a0<strong>15 euros para ni\u00f1os.\u00a0<\/strong>Puedes comprar los billetes en este <a href=\"https:\/\/www.alsa.es\/\">enlace<\/a>.<\/p>\n<h1>Art\u00edculo: 22 de agosto de 2023<\/h1>\n<h2>El Tren de Felipe II llegar\u00e1 a \u00c1vila<\/h2>\n<p><script async=\"\" src=\"https:\/\/pagead2.googlesyndication.com\/pagead\/js\/adsbygoogle.js\"><\/script> <ins class=\"adsbygoogle\" style=\"display: block;\" data-ad-format=\"fluid\" data-ad-layout-key=\"-7f+eo+1+2-5\" data-ad-client=\"ca-pub-7450064428034605\" data-ad-slot=\"7327027071\"><\/ins><script>(adsbygoogle = window.adsbygoogle || []).push({});<\/script>El hist\u00f3rico\u00a0<strong>Tren de Felipe II,\u00a0<\/strong>que habitualmente recorre de Pr\u00edncipe P\u00edo hasta San Lorenzo de El Escorial, se dirigir\u00e1 a\u00a0<strong>\u00c1vila\u00a0<\/strong>en un viaje en el tiempo con revisores uniformados de \u00e9poca.<\/p>\n<p>Este trayecto paisaj\u00edstico de monta\u00f1a hasta las jornadas medievales de \u00c1vila incluir\u00e1 una experiencia recreada por personajes de la \u00e9poca, como Felipe II. Este tren cuenta con\u00a0<strong>coches de viajeros del siglo XX\u00a0<\/strong>y es patrimonio de la Comunidad de Madrid.<\/p>\n<h2>Viaja en el Tren de Felipe II<\/h2>\n<p><script async=\"\" src=\"https:\/\/pagead2.googlesyndication.com\/pagead\/js\/adsbygoogle.js\"><\/script> <ins class=\"adsbygoogle\" style=\"display: block; text-align: center;\" data-ad-layout=\"in-article\" data-ad-format=\"fluid\" data-ad-client=\"ca-pub-7450064428034605\" data-ad-slot=\"5670045061\"><\/ins> <script>(adsbygoogle = window.adsbygoogle || []).push({});<\/script>El recorrido del\u00a0<strong>Tren de Felipe II\u00a0<\/strong>comenzar\u00e1 a circular hasta\u00a0<strong>\u00c1vila\u00a0<\/strong>el pr\u00f3ximo s\u00e1bado <strong>2 de septiembre de 2023.<\/strong><\/p>\n","protected":false},"excerpt":{"rendered":"<p>Adem\u00e1s de su habitual recorrido a El Escorial. <\/p>\n","protected":false},"author":15,"featured_media":52088,"comment_status":"open","ping_status":"open","sticky":false,"template":"","format":"standard","meta":{"footnotes":""},"categories":[25,23],"tags":[],"class_list":{"0":"post-52087","1":"post","2":"type-post","3":"status-publish","4":"format-standard","5":"has-post-thumbnail","7":"category-escapadas-desde-madrid","8":"category-transportes-huelgas-madrid"},"_links":{"self":[{"href":"https:\/\/www.vidademadrid.com\/es\/wp-json\/wp\/v2\/posts\/52087","targetHints":{"allow":["GET"]}}],"collection":[{"href":"https:\/\/www.vidademadrid.com\/es\/wp-json\/wp\/v2\/posts"}],"about":[{"href":"https:\/\/www.vidademadrid.com\/es\/wp-json\/wp\/v2\/types\/post"}],"author":[{"embeddable":true,"href":"https:\/\/www.vidademadrid.com\/es\/wp-json\/wp\/v2\/users\/15"}],"replies":[{"embeddable":true,"href":"https:\/\/www.vidademadrid.com\/es\/wp-json\/wp\/v2\/comments?post=52087"}],"version-history":[{"count":2,"href":"https:\/\/www.vidademadrid.com\/es\/wp-json\/wp\/v2\/posts\/52087\/revisions"}],"predecessor-version":[{"id":52226,"href":"https:\/\/www.vidademadrid.com\/es\/wp-json\/wp\/v2\/posts\/52087\/revisions\/52226"}],"wp:featuredmedia":[{"embeddable":true,"href":"https:\/\/www.vidademadrid.com\/es\/wp-json\/wp\/v2\/media\/52088"}],"wp:attachment":[{"href":"https:\/\/www.vidademadrid.com\/es\/wp-json\/wp\/v2\/media?parent=52087"}],"wp:term":[{"taxonomy":"category","embeddable":true,"href":"https:\/\/www.vidademadrid.com\/es\/wp-json\/wp\/v2\/categories?post=52087"},{"taxonomy":"post_tag","embeddable":true,"href":"https:\/\/www.vidademadrid.com\/es\/wp-json\/wp\/v2\/tags?post=52087"}],"curies":[{"name":"wp","href":"https:\/\/api.w.org\/{rel}","templated":true}]}}