{"id":52034,"date":"2023-08-17T11:30:50","date_gmt":"2023-08-17T09:30:50","guid":{"rendered":"https:\/\/www.vidademadrid.com\/es\/?p=52034"},"modified":"2023-08-17T11:30:53","modified_gmt":"2023-08-17T09:30:53","slug":"embarcacion-virgen-alarilla-2023-fiestas-fuentiduena-de-tajo","status":"publish","type":"post","link":"https:\/\/www.vidademadrid.com\/es\/52034\/embarcacion-virgen-alarilla-2023-fiestas-fuentiduena-de-tajo\/","title":{"rendered":"La \u00fanica procesi\u00f3n fluvial de Espa\u00f1a est\u00e1 en la Comunidad de Madrid"},"content":{"rendered":"<p>En la Comunidad de Madrid se celebra todos los a\u00f1os un evento muy especial: <strong>la \u00fanica procesi\u00f3n fluvial de Espa\u00f1a<\/strong>. Sigue leyendo para conocer la tradici\u00f3n singular que fusiona la devoci\u00f3n religiosa con la belleza del r\u00edo Tajo.<\/p>\n<h2>\u00abEmbarcaci\u00f3n de la Virgen de Alarilla\u00bb en Fuentidue\u00f1a de Tajo<\/h2>\n<p><script async=\"\" src=\"https:\/\/pagead2.googlesyndication.com\/pagead\/js\/adsbygoogle.js\"><\/script> <ins class=\"adsbygoogle\" style=\"display: block;\" data-ad-format=\"fluid\" data-ad-layout-key=\"-7f+eo+1+2-5\" data-ad-client=\"ca-pub-7450064428034605\" data-ad-slot=\"7327027071\"><\/ins><script>(adsbygoogle = window.adsbygoogle || []).push({});<\/script><\/p>\n<p>La <strong>Embarcaci\u00f3n de la Virgen de Alarilla<\/strong> se celebra en<strong> Fuentidue\u00f1a de Tajo<\/strong> y es un evento \u00fanico en Espa\u00f1a y una experiencia conmovedora que resalta la identidad y el esp\u00edritu de esta comunidad.<\/p>\n<p>Cada a\u00f1o, la v\u00edspera del segundo domingo de septiembre, las aguas del r\u00edo Tajo se iluminan para acoger la \u00fanica procesi\u00f3n fluvial de Espa\u00f1a: <strong>la Virgen de Alarilla, imagen venerada en la localidad, es transportada en una barcaza adornada con brillantes bombillas de colores<\/strong>, creando un castillo luminoso que navega sobre las aguas.<\/p>\n<p>La procesi\u00f3n fluvial es acompa\u00f1ada por j\u00f3venes del municipio, algunos nadando y otros portando antorchas, creando un entorno m\u00e1gico. Este a\u00f1o <strong>ser\u00e1 el s\u00e1bado 9 de septiembre 2023<\/strong>.<\/p>\n<p>Este evento, que se celebra desde <strong>1866<\/strong>, ha sido declarado el a\u00f1o pasado <strong>Bien de Inter\u00e9s Cultural por la Comunidad de Madrid<\/strong>, en la categor\u00eda de Hecho Cultural, por sus elementos de valor y excepcionalidad.<\/p>\n<p><iframe loading=\"lazy\" title=\"Embarcaci\u00f3n de la Virgen de Alarilla\" src=\"https:\/\/www.youtube.com\/embed\/dexnXwx3Bzk\" width=\"887\" height=\"499\" frameborder=\"0\" allowfullscreen=\"allowfullscreen\"><\/iframe><\/p>\n<h2>Fiestas Fuentidue\u00f1a de Tajo 2023<\/h2>\n<p><script async=\"\" src=\"https:\/\/pagead2.googlesyndication.com\/pagead\/js\/adsbygoogle.js\"><\/script> <ins class=\"adsbygoogle\" style=\"display: block; text-align: center;\" data-ad-layout=\"in-article\" data-ad-format=\"fluid\" data-ad-client=\"ca-pub-7450064428034605\" data-ad-slot=\"5670045061\"><\/ins> <script>(adsbygoogle = window.adsbygoogle || []).push({});<\/script><\/p>\n<p>La procesi\u00f3n fluvial en honor a la Virgen de Alarilla es el evento principal de las <strong>Fiestas de Fuentidue\u00f1a de Tajo 2023<\/strong>. Estas festividades, que se desarrollan durante el segundo fin de semana de septiembre, abrazan la cultura, el deporte y la devoci\u00f3n. Entre los eventos en programa, concursos de disfraces para los m\u00e1s j\u00f3venes, revistas musicales para los mayores y juegos tradicionales en la plaza.<\/p>\n<p>La inauguraci\u00f3n de las Fiestas ocurre el <strong>viernes<\/strong>, con actividades para los m\u00e1s peque\u00f1os durante la ma\u00f1ana, seguido por la <strong>Milla Urbana<\/strong> por la tarde. La noche se llena de alegr\u00eda con el desfile de pe\u00f1as acompa\u00f1ado por la Banda de M\u00fasica de Villarejo de Salvan\u00e9s. El <strong>Preg\u00f3n de Fiestas y la entrega del t\u00edtulo de Ballenero Mayor a destacadas personalidades<\/strong> culminan en una vibrante verbena en la plaza del pueblo que dura hasta el amanecer.<\/p>\n<p>El <strong>s\u00e1bado<\/strong>, el evento central toma protagonismo: la Romer\u00eda hacia la Ermita seguida de la inigualable <strong>Embarcaci\u00f3n de la Virgen<\/strong>.<\/p>\n<p>A\u00fan no han sido publicados los detalles del <strong>programa de la edici\u00f3n 2023<\/strong>, que podr\u00e1s leer pr\u00f3ximamente en la web oficial del Ayuntamiento, <a href=\"http:\/\/www.fuentiduenadetajo.org\">www.fuentiduenadetajo.org<\/a>.<\/p>\n","protected":false},"excerpt":{"rendered":"<p>Es la Embarcaci\u00f3n de la Virgen de Alarilla en Fuentidue\u00f1a de Tajo<\/p>\n","protected":false},"author":1,"featured_media":52035,"comment_status":"open","ping_status":"open","sticky":false,"template":"","format":"standard","meta":{"footnotes":""},"categories":[11,101],"tags":[],"class_list":{"0":"post-52034","1":"post","2":"type-post","3":"status-publish","4":"format-standard","5":"has-post-thumbnail","7":"category-eventos-madrid","8":"category-ferias-fiestas-mercados-madrid"},"_links":{"self":[{"href":"https:\/\/www.vidademadrid.com\/es\/wp-json\/wp\/v2\/posts\/52034","targetHints":{"allow":["GET"]}}],"collection":[{"href":"https:\/\/www.vidademadrid.com\/es\/wp-json\/wp\/v2\/posts"}],"about":[{"href":"https:\/\/www.vidademadrid.com\/es\/wp-json\/wp\/v2\/types\/post"}],"author":[{"embeddable":true,"href":"https:\/\/www.vidademadrid.com\/es\/wp-json\/wp\/v2\/users\/1"}],"replies":[{"embeddable":true,"href":"https:\/\/www.vidademadrid.com\/es\/wp-json\/wp\/v2\/comments?post=52034"}],"version-history":[{"count":1,"href":"https:\/\/www.vidademadrid.com\/es\/wp-json\/wp\/v2\/posts\/52034\/revisions"}],"predecessor-version":[{"id":52036,"href":"https:\/\/www.vidademadrid.com\/es\/wp-json\/wp\/v2\/posts\/52034\/revisions\/52036"}],"wp:featuredmedia":[{"embeddable":true,"href":"https:\/\/www.vidademadrid.com\/es\/wp-json\/wp\/v2\/media\/52035"}],"wp:attachment":[{"href":"https:\/\/www.vidademadrid.com\/es\/wp-json\/wp\/v2\/media?parent=52034"}],"wp:term":[{"taxonomy":"category","embeddable":true,"href":"https:\/\/www.vidademadrid.com\/es\/wp-json\/wp\/v2\/categories?post=52034"},{"taxonomy":"post_tag","embeddable":true,"href":"https:\/\/www.vidademadrid.com\/es\/wp-json\/wp\/v2\/tags?post=52034"}],"curies":[{"name":"wp","href":"https:\/\/api.w.org\/{rel}","templated":true}]}}